[{"@context":"https:\/\/schema.org\/","@type":"Article","@id":"https:\/\/www.mirelina.cz\/velka-spolecnost\/#Article","mainEntityOfPage":"https:\/\/www.mirelina.cz\/velka-spolecnost\/","headline":"Velk\u00e1 spole\u010dnost","name":"Velk\u00e1 spole\u010dnost","description":"Je hodn\u011b lid\u00ed, kte\u0159\u00ed jsou introverti anebo potom tak\u00e9 extroverti. Tady u\u017e z\u00e1le\u017e\u00ed na n\u00e1s, \u010demu my d\u00e1me p\u0159ednost a kde se tak\u00e9 c\u00edt\u00edme dob\u0159e. Abych v\u00e1m \u0159ekla, j\u00e1 jsem se v\u017edycky m\u011bla sp\u00ed\u0161e za introverta. Nem\u011bla jsem r\u00e1da spole\u010dnost lid\u00ed, kde je opravdu hodn\u011b lid\u00ed. M\u011bla jsem za to, \u017ee kdy\u017e se budu c\u00edtit [&hellip;]","datePublished":"2023-06-17","dateModified":"2023-06-17","author":{"@type":"Person","@id":"https:\/\/www.mirelina.cz\/author\/devene\/#Person","name":"devene","url":"https:\/\/www.mirelina.cz\/author\/devene\/","identifier":1,"image":{"@type":"ImageObject","@id":"https:\/\/secure.gravatar.com\/avatar\/f08fec9e5d161146672022190172bcb121f980bd7a64f251ea643f4b19d0f071?s=96&d=mm&r=g","url":"https:\/\/secure.gravatar.com\/avatar\/f08fec9e5d161146672022190172bcb121f980bd7a64f251ea643f4b19d0f071?s=96&d=mm&r=g","height":96,"width":96}},"publisher":{"@type":"Organization","name":"mirelina.cz","logo":{"@type":"ImageObject","@id":"\/logo.png","url":"\/logo.png","width":600,"height":60}},"image":{"@type":"ImageObject","@id":"https:\/\/www.mirelina.cz\/wp-content\/uploads\/women-1487825_1280_8.jpg","url":"https:\/\/www.mirelina.cz\/wp-content\/uploads\/women-1487825_1280_8.jpg","height":0,"width":0},"url":"https:\/\/www.mirelina.cz\/velka-spolecnost\/","about":["Spole\u010dnost"],"wordCount":433,"articleBody":"Je hodn\u011b lid\u00ed, kte\u0159\u00ed jsou introverti anebo potom tak\u00e9 extroverti. Tady u\u017e z\u00e1le\u017e\u00ed na n\u00e1s, \u010demu my d\u00e1me p\u0159ednost a kde se tak\u00e9 c\u00edt\u00edme dob\u0159e. Abych v\u00e1m \u0159ekla, j\u00e1 jsem se v\u017edycky m\u011bla sp\u00ed\u0161e za introverta. Nem\u011bla jsem r\u00e1da spole\u010dnost lid\u00ed, kde je opravdu hodn\u011b lid\u00ed. M\u011bla jsem za to, \u017ee kdy\u017e se budu c\u00edtit v\u00edce v pohod\u011b, \u017ee je to tak\u00e9\u00a0lep\u0161\u00ed pro moje psychick\u00e9 zdrav\u00ed.\u00a0J\u00e1 jsem se\u00a0to toti\u017e kolikr\u00e1t u\u017e psychicky zhroutila. A to hlavn\u011b bylo kv\u016fli tomu, \u017ee m\u011b opustil m\u016fj partner. On m\u011b hodn\u011b podv\u00e1d\u011bl, tak\u017ee jsem potom rad\u011bji byla sama. Mo\u017en\u00e1 d\u0159\u00edve jsem chodila r\u00e1da do spole\u010dnosti, ale potom, co m\u011b partner takhle podv\u00e1d\u011bl, tak jsem z\u00edskala odstup k ciz\u00edm lidem.Potom jsem tak\u00e9 p\u0159estala komunikovat s p\u0159\u00e1teli. A\u00a0to byl mo\u017en\u00e1 potom k\u00e1men \u00farazu. M\u011bla jsem se dr\u017eet p\u0159\u00e1tel, m\u011bla jsem chodit do spole\u010dnosti, kterou zn\u00e1m a do takov\u00e9 spole\u010dnosti, kde m\u011b\u00a0to opravdu hodn\u011b bav\u00ed. Mo\u017en\u00e1 jsem ud\u011blala chybu, proto se tak\u00e9 sna\u017e\u00edm zlep\u0161it v tom, abych op\u011bt za\u010dala pln\u011b \u017e\u00edt. Je to u\u017e rok a p\u016fl zp\u00e1tky a j\u00e1 si mysl\u00edm, \u017ee jsem na dobr\u00e9 cest\u011b. Cht\u011bla bych v\u00e1m \u0159\u00edct, \u017ee kdy\u017e se c\u00edt\u00edte dob\u0159e v n\u011bjak\u00e9 spole\u010dnosti, opravdu to vydr\u017ete a bu\u010fte tam. Nikdy nev\u00edte, jak se potom budete c\u00edtit.\u00a0T\u0159eba v\u00e1s to jednoho\u00a0dne bude mrzet. Stejn\u011b tak, jako to mrz\u00ed nyn\u00ed m\u011b. Jenom budu doufat, \u017ee tam m\u00e1m st\u00e1le dobr\u00e9 kamar\u00e1dy, kte\u0159\u00ed m\u011b podr\u017e\u00ed. Proto\u017ee ch\u00e1pu, \u017ee d\u0159\u00edve jsem se nechovala dob\u0159e, proto\u017ee jsem byla opravdu nerv\u00f3zn\u00ed. Kv\u016fli tomu, jak m\u011b opustil partner a jak m\u011b tak\u00e9 podv\u00e1d\u011bl. Snad n\u011bkdo pochop\u00ed, \u017ee kdy\u017e je n\u011bkdo podv\u00e1d\u011bn\u00fd, tak\u00a0\u017ee mu to potom tak\u00e9 nemysl\u00ed a \u017ee je ve stresu a \u017ee se m\u016f\u017ee chovat \u00fapln\u011b divn\u011b. Nyn\u00ed m\u011b to opravdu hodn\u011b mrz\u00ed a budu doufat, \u017ee se vr\u00e1t\u00edm do t\u00e9 spole\u010dnosti p\u0159\u00e1tel a takov\u00e9 spole\u010dnosti lid\u00ed, kde m\u011b to bavilo a kde m\u011b bylo p\u0159\u00edjemn\u011b. Od mu\u017e\u016f\u00a0si d\u00e1m alespo\u0148 na dal\u0161\u00ed dva\u00a0roky odstup. Mysl\u00edm si, \u017ee tohle mi prosp\u011bje. Absolutn\u011b v\u00edm, \u017ee mi to neubl\u00ed\u017e\u00ed.\u00a0\u00a0                                                                                                                                                                                                                                                                                                                                                                                        4.2\/5 - (4 votes)        "},{"@context":"https:\/\/schema.org\/","@type":"BreadcrumbList","itemListElement":[{"@type":"ListItem","position":1,"name":"Velk\u00e1 spole\u010dnost","item":"https:\/\/www.mirelina.cz\/velka-spolecnost\/#breadcrumbitem"}]}]