[{"@context":"https:\/\/schema.org\/","@type":"Article","@id":"https:\/\/www.mirelina.cz\/uklid-bez-namahy\/#Article","mainEntityOfPage":"https:\/\/www.mirelina.cz\/uklid-bez-namahy\/","headline":"\u00daklid bez n\u00e1mahy","name":"\u00daklid bez n\u00e1mahy","description":"\u017dijete v dom\u00e1cnosti s partnerem \u010di n\u011bk\u00fdm dal\u0161\u00edm? Kdo u v\u00e1s pravideln\u011b ukl\u00edz\u00ed? Nejsp\u00ed\u0161 to bude \u017eena. Pr\u00e1v\u011b \u017eeny se odjak\u017eiva staraj\u00ed o dom\u00e1cnost, proto\u017ee je to pr\u00fd \u201c\u017eensk\u00e1 pr\u00e1ce\u201d. Co na tom, \u017ee mu\u017ei v dom\u00e1cnosti \u017eij\u00ed tak\u00e9. I v dne\u0161n\u00ed dob\u011b se najde st\u00e1le spousta mu\u017e\u016f, kte\u0159\u00ed pova\u017euj\u00ed za norm\u00e1ln\u00ed, \u017ee ukl\u00edz\u00ed jen [&hellip;]","datePublished":"2023-01-21","dateModified":"2023-05-01","author":{"@type":"Person","@id":"https:\/\/www.mirelina.cz\/author\/devene\/#Person","name":"devene","url":"https:\/\/www.mirelina.cz\/author\/devene\/","identifier":1,"image":{"@type":"ImageObject","@id":"https:\/\/secure.gravatar.com\/avatar\/f08fec9e5d161146672022190172bcb121f980bd7a64f251ea643f4b19d0f071?s=96&d=mm&r=g","url":"https:\/\/secure.gravatar.com\/avatar\/f08fec9e5d161146672022190172bcb121f980bd7a64f251ea643f4b19d0f071?s=96&d=mm&r=g","height":96,"width":96}},"publisher":{"@type":"Organization","name":"mirelina.cz","logo":{"@type":"ImageObject","@id":"\/logo.png","url":"\/logo.png","width":600,"height":60}},"image":{"@type":"ImageObject","@id":"https:\/\/www.mirelina.cz\/wp-content\/uploads\/blinds-5928691_640_6.jpg","url":"https:\/\/www.mirelina.cz\/wp-content\/uploads\/blinds-5928691_640_6.jpg","height":0,"width":0},"url":"https:\/\/www.mirelina.cz\/uklid-bez-namahy\/","about":["Business"],"wordCount":416,"articleBody":"        \u017dijete v dom\u00e1cnosti s partnerem \u010di n\u011bk\u00fdm dal\u0161\u00edm? Kdo u v\u00e1s pravideln\u011b ukl\u00edz\u00ed? Nejsp\u00ed\u0161 to bude \u017eena. Pr\u00e1v\u011b \u017eeny se odjak\u017eiva staraj\u00ed o dom\u00e1cnost, proto\u017ee je to pr\u00fd \u201c\u017eensk\u00e1 pr\u00e1ce\u201d. Co na tom, \u017ee mu\u017ei v dom\u00e1cnosti \u017eij\u00ed tak\u00e9. I v dne\u0161n\u00ed dob\u011b se najde st\u00e1le spousta mu\u017e\u016f, kte\u0159\u00ed pova\u017euj\u00ed za norm\u00e1ln\u00ed, \u017ee ukl\u00edz\u00ed jen a v\u00fdhradn\u011b \u017eena. A to i kdy\u017e tak\u00e9 chod\u00ed do pr\u00e1ce, tak\u017ee argumentace t\u00edm, \u017ee \u017eena je cel\u00e9 dny doma na mate\u0159sk\u00e9, je lich\u00e1. \u017dena chod\u00ed do pr\u00e1ce, a i tak se mus\u00ed postarat o cel\u00fd byt nebo d\u016fm.Pokud bydl\u00edte v mal\u00e9m byt\u011b, asi to nebude \u00fapln\u011b nep\u0159ekonateln\u00fd probl\u00e9m, proto\u017ee ukl\u00edzet men\u0161\u00ed plochy ned\u00e1 tolik pr\u00e1ce jako ukl\u00edzet velk\u00fd d\u016fm o n\u011bkolika pokoj\u00edch. I kdy\u017e m\u00e1te mal\u00fd byt, mohou nastat situace, kdy na \u00faklid nebudete m\u00edt ani pomy\u0161len\u00ed. Typicky jde nap\u0159\u00edklad o situace, kdy cel\u00e1 dom\u00e1cnost lehne s n\u011bjakou nemoc\u00ed. Potom nezb\u00fdv\u00e1 ne\u017e ti\u0161e trp\u011bt a sledovat, jak dom\u00e1cnost vypad\u00e1 s hromadami neumyt\u00e9ho n\u00e1dob\u00ed a jak se prach pomalu vrstv\u00ed na poli\u010dky.A\u0165 u\u017e m\u00e1te velk\u00fd d\u016fm nebo m\u00e1te \u010dasov\u011b n\u00e1ro\u010dnou pr\u00e1ci, kv\u016fli kter\u00e9 nezvl\u00e1d\u00e1te ukl\u00edzet jak byste cht\u011bli, m\u016f\u017eete vyu\u017e\u00edt \u00faklidov\u00e9 slu\u017eby. Nen\u00ed \u017e\u00e1dn\u00e1 ostuda nechat si uklidit od n\u011bkoho, kdo to um\u00ed. Bydl\u00edte v okol\u00ed Pardubic? S \u00faklidem v\u00e1m m\u016f\u017ee pomoct firma mvcleaningservices.cz, kte\u0159\u00ed nab\u00edz\u00ed \u00faklidov\u00e9 pr\u00e1ce v Pardubic\u00edch a okol\u00ed. T\u011b\u0161it se m\u016f\u017eete na t\u00fdm pracovn\u00edk\u016f, kte\u0159\u00ed to um\u00ed jak s \u010distidly, tak s mopy.\u00daklid dom\u00e1cnost\u00ed ale nen\u00ed to jedin\u00e9, co nab\u00edz\u00ed. M\u016f\u017eete si objednat nap\u0159\u00edklad \u00fadr\u017ebu budov, zahrad, ale tak\u00e9 instalat\u00e9rsk\u00e9 pr\u00e1ce a slu\u017eby hodinov\u00e9ho man\u017eela. Vyu\u017eijte skv\u011blou mo\u017enost pomoci s \u00faklidem a men\u0161\u00edmi opravami, pokud nem\u00e1te jin\u00e9 \u0159e\u0161en\u00ed. Ceny se po\u010d\u00edtaj\u00ed p\u0159edem &#8211; ka\u017ed\u00e1 solidn\u00ed \u00faklidov\u00e1 firma v\u00e1m p\u0159edem spo\u010d\u00edt\u00e1 kompletn\u00ed cenu za \u00faklid a dal\u0161\u00ed pr\u00e1ce. Nebojte se vyu\u017e\u00edt slu\u017eeb \u00faklidov\u00e9 firmy, proto\u017ee z\u00edsk\u00e1te nav\u00edc drahocenn\u00fd \u010das a budete m\u00edt doma \u010disto, ani\u017e byste museli hnout prstem.                                                                                                                                                                                                                                                                                                                                                                                          3.8\/5 - (6 votes)        "},{"@context":"https:\/\/schema.org\/","@type":"BreadcrumbList","itemListElement":[{"@type":"ListItem","position":1,"name":"\u00daklid bez n\u00e1mahy","item":"https:\/\/www.mirelina.cz\/uklid-bez-namahy\/#breadcrumbitem"}]}]