[{"@context":"https:\/\/schema.org\/","@type":"Article","@id":"https:\/\/www.mirelina.cz\/sperky-swarovski\/#Article","mainEntityOfPage":"https:\/\/www.mirelina.cz\/sperky-swarovski\/","headline":"\u0160perky Swarovski","name":"\u0160perky Swarovski","description":"Ka\u017ed\u00e1 \u017eena si chce p\u0159ipadat kr\u00e1sn\u011b. Ale ne ka\u017ed\u00e1 m\u00e1 tak velk\u00e9 sebev\u011bdom\u00ed, aby si tak p\u0159ipadala. Pomozte proto sv\u00e9 p\u0159\u00edtelkyni \u010di kamar\u00e1dce zvednout sebev\u011bdom\u00ed a po\u0159i\u010fte ji p\u011bkn\u00fd \u0161perky Swarovski, kter\u00fdm osln\u00ed nejen sebe, ale i sv\u00e9 okol\u00ed. Vyniknout pro n\u011bkterou \u017eenu m\u016f\u017ee b\u00fdt velmi t\u011b\u017ek\u00e9. N\u011bkomu vyhovuje b\u00fdt tou \u0161edou my\u0161kou, kter\u00e9 si [&hellip;]","datePublished":"2025-01-22","dateModified":"2025-01-22","author":{"@type":"Person","@id":"https:\/\/www.mirelina.cz\/author\/devene\/#Person","name":"devene","url":"https:\/\/www.mirelina.cz\/author\/devene\/","identifier":1,"image":{"@type":"ImageObject","@id":"https:\/\/secure.gravatar.com\/avatar\/f08fec9e5d161146672022190172bcb121f980bd7a64f251ea643f4b19d0f071?s=96&d=mm&r=g","url":"https:\/\/secure.gravatar.com\/avatar\/f08fec9e5d161146672022190172bcb121f980bd7a64f251ea643f4b19d0f071?s=96&d=mm&r=g","height":96,"width":96}},"publisher":{"@type":"Organization","name":"mirelina.cz","logo":{"@type":"ImageObject","@id":"\/logo.png","url":"\/logo.png","width":600,"height":60}},"url":"https:\/\/www.mirelina.cz\/sperky-swarovski\/","wordCount":165,"articleBody":"Ka\u017ed\u00e1 \u017eena si chce p\u0159ipadat kr\u00e1sn\u011b. Ale ne ka\u017ed\u00e1 m\u00e1 tak velk\u00e9 sebev\u011bdom\u00ed, aby si tak p\u0159ipadala. Pomozte proto sv\u00e9 p\u0159\u00edtelkyni \u010di kamar\u00e1dce zvednout sebev\u011bdom\u00ed a po\u0159i\u010fte ji p\u011bkn\u00fd \u0161perky Swarovski, kter\u00fdm osln\u00ed nejen sebe, ale i sv\u00e9 okol\u00ed.Vyniknout pro n\u011bkterou \u017eenu m\u016f\u017ee b\u00fdt velmi t\u011b\u017ek\u00e9. N\u011bkomu vyhovuje b\u00fdt tou \u0161edou my\u0161kou, kter\u00e9 si nikdo nev\u0161\u00edm\u00e1. Tak to ale nejde po\u0159\u00e1d. \u017dena je kr\u00e1sn\u00e1 nejen d\u00edky sv\u00e9mu zevn\u011bj\u0161ku, ale hlavn\u011b d\u00edky sv\u00fdm osobnostn\u00edm vlastnostem. L\u00e9pe se m\u016f\u017ee c\u00edtit i d\u00edky v\u011bcem, kter\u00e9 nos\u00ed na sob\u011b. Jako t\u0159eba z\u00e1\u0159iv\u00fd \u0161perky Swarovski, kter\u00fd jen podtrhne jej\u00ed osobn\u00ed kr\u00e1su.Dodejte si sebev\u011bdom\u00edKa\u017ed\u00e1 \u017eena by m\u011bla disponovat p\u0159irozenou d\u00e1vkou sebev\u011bdom\u00ed, kter\u00e9 m\u016f\u017ee jednodu\u0161e podtrhnout jedn\u00edm ze \u0161perky Swarovski.                                                                                                                                                                                                                                                                                                                                                                                        4.3\/5 - (3 votes)        "},{"@context":"https:\/\/schema.org\/","@type":"BreadcrumbList","itemListElement":[{"@type":"ListItem","position":1,"name":"\u0160perky Swarovski","item":"https:\/\/www.mirelina.cz\/sperky-swarovski\/#breadcrumbitem"}]}]