{"@context":"https:\/\/schema.org\/","@type":"CollectionPage","@id":"https:\/\/www.mirelina.cz\/produkty\/#CollectionPage","headline":"Produkty Category","description":"","url":"https:\/\/www.mirelina.cz\/produkty\/","hasPart":[{"@type":"Article","@id":"https:\/\/www.mirelina.cz\/army-motivy\/","headline":"Army motivy","url":"https:\/\/www.mirelina.cz\/army-motivy\/","datePublished":"2022-11-20","dateModified":"2023-05-01","mainEntityOfPage":"https:\/\/www.mirelina.cz\/army-motivy\/","author":{"@type":"Person","@id":"https:\/\/www.mirelina.cz\/author\/devene\/#Person","name":"devene","url":"https:\/\/www.mirelina.cz\/author\/devene\/","identifier":1,"image":{"@type":"ImageObject","@id":"https:\/\/secure.gravatar.com\/avatar\/f08fec9e5d161146672022190172bcb121f980bd7a64f251ea643f4b19d0f071?s=96&d=mm&r=g","url":"https:\/\/secure.gravatar.com\/avatar\/f08fec9e5d161146672022190172bcb121f980bd7a64f251ea643f4b19d0f071?s=96&d=mm&r=g","height":96,"width":96}},"publisher":{"@type":"Organization","name":"mirelina.cz","logo":{"@type":"ImageObject","@id":"\/logo.png","url":"\/logo.png","width":600,"height":60}},"image":{"@type":"ImageObject","@id":"https:\/\/www.mirelina.cz\/wp-content\/uploads\/blank-1886008_960_720.png","url":"https:\/\/www.mirelina.cz\/wp-content\/uploads\/blank-1886008_960_720.png","height":0,"width":0},"keywords":null},{"@type":"Article","@id":"https:\/\/www.mirelina.cz\/ochranna-solarni-plachta-na-bazen\/","headline":"Ochrann\u00e1 sol\u00e1rn\u00ed plachta na baz\u00e9n","url":"https:\/\/www.mirelina.cz\/ochranna-solarni-plachta-na-bazen\/","datePublished":"2022-11-20","dateModified":"2023-05-01","mainEntityOfPage":"https:\/\/www.mirelina.cz\/ochranna-solarni-plachta-na-bazen\/","author":{"@type":"Person","@id":"https:\/\/www.mirelina.cz\/author\/devene\/#Person","name":"devene","url":"https:\/\/www.mirelina.cz\/author\/devene\/","identifier":1,"image":{"@type":"ImageObject","@id":"https:\/\/secure.gravatar.com\/avatar\/f08fec9e5d161146672022190172bcb121f980bd7a64f251ea643f4b19d0f071?s=96&d=mm&r=g","url":"https:\/\/secure.gravatar.com\/avatar\/f08fec9e5d161146672022190172bcb121f980bd7a64f251ea643f4b19d0f071?s=96&d=mm&r=g","height":96,"width":96}},"publisher":{"@type":"Organization","name":"mirelina.cz","logo":{"@type":"ImageObject","@id":"\/logo.png","url":"\/logo.png","width":600,"height":60}},"image":{"@type":"ImageObject","@id":"https:\/\/www.mirelina.cz\/wp-content\/uploads\/istockphoto-1153481509-170667a.jpg","url":"https:\/\/www.mirelina.cz\/wp-content\/uploads\/istockphoto-1153481509-170667a.jpg","height":0,"width":0},"keywords":null},{"@type":"Article","@id":"https:\/\/www.mirelina.cz\/budte-krasna-na-plese\/","headline":"Bu\u010fte kr\u00e1sn\u00e1 na plese","url":"https:\/\/www.mirelina.cz\/budte-krasna-na-plese\/","datePublished":"2022-11-15","dateModified":"2022-11-15","mainEntityOfPage":"https:\/\/www.mirelina.cz\/budte-krasna-na-plese\/","author":{"@type":"Person","@id":"https:\/\/www.mirelina.cz\/author\/devene\/#Person","name":"devene","url":"https:\/\/www.mirelina.cz\/author\/devene\/","identifier":1,"image":{"@type":"ImageObject","@id":"https:\/\/secure.gravatar.com\/avatar\/f08fec9e5d161146672022190172bcb121f980bd7a64f251ea643f4b19d0f071?s=96&d=mm&r=g","url":"https:\/\/secure.gravatar.com\/avatar\/f08fec9e5d161146672022190172bcb121f980bd7a64f251ea643f4b19d0f071?s=96&d=mm&r=g","height":96,"width":96}},"publisher":{"@type":"Organization","name":"mirelina.cz","logo":{"@type":"ImageObject","@id":"\/logo.png","url":"\/logo.png","width":600,"height":60}},"image":{"@type":"ImageObject","@id":"https:\/\/www.mirelina.cz\/wp-content\/uploads\/woman-g7024b7f55_640_1.jpg","url":"https:\/\/www.mirelina.cz\/wp-content\/uploads\/woman-g7024b7f55_640_1.jpg","height":0,"width":0},"keywords":null},{"@type":"Article","@id":"https:\/\/www.mirelina.cz\/sezente-i-vy-bez-problemu-letni-saty-pro-plnostihle\/","headline":"Se\u017ee\u0148te i vy bez probl\u00e9m\u016f letn\u00ed \u0161aty pro plno\u0161t\u00edhl\u00e9","url":"https:\/\/www.mirelina.cz\/sezente-i-vy-bez-problemu-letni-saty-pro-plnostihle\/","datePublished":"2022-11-14","dateModified":"2023-05-01","mainEntityOfPage":"https:\/\/www.mirelina.cz\/sezente-i-vy-bez-problemu-letni-saty-pro-plnostihle\/","author":{"@type":"Person","@id":"https:\/\/www.mirelina.cz\/author\/devene\/#Person","name":"devene","url":"https:\/\/www.mirelina.cz\/author\/devene\/","identifier":1,"image":{"@type":"ImageObject","@id":"https:\/\/secure.gravatar.com\/avatar\/f08fec9e5d161146672022190172bcb121f980bd7a64f251ea643f4b19d0f071?s=96&d=mm&r=g","url":"https:\/\/secure.gravatar.com\/avatar\/f08fec9e5d161146672022190172bcb121f980bd7a64f251ea643f4b19d0f071?s=96&d=mm&r=g","height":96,"width":96}},"publisher":{"@type":"Organization","name":"mirelina.cz","logo":{"@type":"ImageObject","@id":"\/logo.png","url":"\/logo.png","width":600,"height":60}},"image":{"@type":"ImageObject","@id":"https:\/\/www.mirelina.cz\/wp-content\/uploads\/%C5%A1aty_2.JPG","url":"https:\/\/www.mirelina.cz\/wp-content\/uploads\/%C5%A1aty_2.JPG","height":0,"width":0},"keywords":null},{"@type":"Article","@id":"https:\/\/www.mirelina.cz\/houpacka-pro-deti\/","headline":"Houpa\u010dka pro d\u011bti","url":"https:\/\/www.mirelina.cz\/houpacka-pro-deti\/","datePublished":"2022-11-12","dateModified":"2023-05-01","mainEntityOfPage":"https:\/\/www.mirelina.cz\/houpacka-pro-deti\/","author":{"@type":"Person","@id":"https:\/\/www.mirelina.cz\/author\/devene\/#Person","name":"devene","url":"https:\/\/www.mirelina.cz\/author\/devene\/","identifier":1,"image":{"@type":"ImageObject","@id":"https:\/\/secure.gravatar.com\/avatar\/f08fec9e5d161146672022190172bcb121f980bd7a64f251ea643f4b19d0f071?s=96&d=mm&r=g","url":"https:\/\/secure.gravatar.com\/avatar\/f08fec9e5d161146672022190172bcb121f980bd7a64f251ea643f4b19d0f071?s=96&d=mm&r=g","height":96,"width":96}},"publisher":{"@type":"Organization","name":"mirelina.cz","logo":{"@type":"ImageObject","@id":"\/logo.png","url":"\/logo.png","width":600,"height":60}},"image":{"@type":"ImageObject","@id":"https:\/\/www.mirelina.cz\/wp-content\/uploads\/person-409127_960_720_2.jpg","url":"https:\/\/www.mirelina.cz\/wp-content\/uploads\/person-409127_960_720_2.jpg","height":0,"width":0},"keywords":null},{"@type":"Article","@id":"https:\/\/www.mirelina.cz\/oblecte-sva-miminka\/","headline":"Oble\u010dte sv\u00e1 miminka","url":"https:\/\/www.mirelina.cz\/oblecte-sva-miminka\/","datePublished":"2022-10-25","dateModified":"2023-05-01","mainEntityOfPage":"https:\/\/www.mirelina.cz\/oblecte-sva-miminka\/","author":{"@type":"Person","@id":"https:\/\/www.mirelina.cz\/author\/devene\/#Person","name":"devene","url":"https:\/\/www.mirelina.cz\/author\/devene\/","identifier":1,"image":{"@type":"ImageObject","@id":"https:\/\/secure.gravatar.com\/avatar\/f08fec9e5d161146672022190172bcb121f980bd7a64f251ea643f4b19d0f071?s=96&d=mm&r=g","url":"https:\/\/secure.gravatar.com\/avatar\/f08fec9e5d161146672022190172bcb121f980bd7a64f251ea643f4b19d0f071?s=96&d=mm&r=g","height":96,"width":96}},"publisher":{"@type":"Organization","name":"mirelina.cz","logo":{"@type":"ImageObject","@id":"\/logo.png","url":"\/logo.png","width":600,"height":60}},"image":{"@type":"ImageObject","@id":"https:\/\/www.mirelina.cz\/wp-content\/uploads\/hand-3319720_640_1.jpg","url":"https:\/\/www.mirelina.cz\/wp-content\/uploads\/hand-3319720_640_1.jpg","height":0,"width":0},"keywords":null},{"@type":"Article","@id":"https:\/\/www.mirelina.cz\/upravy-vzhledu-auta\/","headline":"\u00dapravy vzhledu auta","url":"https:\/\/www.mirelina.cz\/upravy-vzhledu-auta\/","datePublished":"2022-10-25","dateModified":"2023-06-15","mainEntityOfPage":"https:\/\/www.mirelina.cz\/upravy-vzhledu-auta\/","author":{"@type":"Person","@id":"https:\/\/www.mirelina.cz\/author\/devene\/#Person","name":"devene","url":"https:\/\/www.mirelina.cz\/author\/devene\/","identifier":1,"image":{"@type":"ImageObject","@id":"https:\/\/secure.gravatar.com\/avatar\/f08fec9e5d161146672022190172bcb121f980bd7a64f251ea643f4b19d0f071?s=96&d=mm&r=g","url":"https:\/\/secure.gravatar.com\/avatar\/f08fec9e5d161146672022190172bcb121f980bd7a64f251ea643f4b19d0f071?s=96&d=mm&r=g","height":96,"width":96}},"publisher":{"@type":"Organization","name":"mirelina.cz","logo":{"@type":"ImageObject","@id":"\/logo.png","url":"\/logo.png","width":600,"height":60}},"image":{"@type":"ImageObject","@id":"https:\/\/www.mirelina.cz\/wp-content\/uploads\/car-3546670_960_720.jpg","url":"https:\/\/www.mirelina.cz\/wp-content\/uploads\/car-3546670_960_720.jpg","height":0,"width":0},"keywords":null},{"@type":"Article","@id":"https:\/\/www.mirelina.cz\/posilovna\/","headline":"Posilovna","url":"https:\/\/www.mirelina.cz\/posilovna\/","datePublished":"2022-10-24","dateModified":"2023-05-01","mainEntityOfPage":"https:\/\/www.mirelina.cz\/posilovna\/","author":{"@type":"Person","@id":"https:\/\/www.mirelina.cz\/author\/devene\/#Person","name":"devene","url":"https:\/\/www.mirelina.cz\/author\/devene\/","identifier":1,"image":{"@type":"ImageObject","@id":"https:\/\/secure.gravatar.com\/avatar\/f08fec9e5d161146672022190172bcb121f980bd7a64f251ea643f4b19d0f071?s=96&d=mm&r=g","url":"https:\/\/secure.gravatar.com\/avatar\/f08fec9e5d161146672022190172bcb121f980bd7a64f251ea643f4b19d0f071?s=96&d=mm&r=g","height":96,"width":96}},"publisher":{"@type":"Organization","name":"mirelina.cz","logo":{"@type":"ImageObject","@id":"\/logo.png","url":"\/logo.png","width":600,"height":60}},"image":{"@type":"ImageObject","@id":"https:\/\/www.mirelina.cz\/wp-content\/uploads\/dumbbell-g148610ce3_640.jpg","url":"https:\/\/www.mirelina.cz\/wp-content\/uploads\/dumbbell-g148610ce3_640.jpg","height":0,"width":0},"keywords":null},{"@type":"Article","@id":"https:\/\/www.mirelina.cz\/voda-v-bazenu\/","headline":"Voda v baz\u00e9nu","url":"https:\/\/www.mirelina.cz\/voda-v-bazenu\/","datePublished":"2022-10-22","dateModified":"2023-05-01","mainEntityOfPage":"https:\/\/www.mirelina.cz\/voda-v-bazenu\/","author":{"@type":"Person","@id":"https:\/\/www.mirelina.cz\/author\/devene\/#Person","name":"devene","url":"https:\/\/www.mirelina.cz\/author\/devene\/","identifier":1,"image":{"@type":"ImageObject","@id":"https:\/\/secure.gravatar.com\/avatar\/f08fec9e5d161146672022190172bcb121f980bd7a64f251ea643f4b19d0f071?s=96&d=mm&r=g","url":"https:\/\/secure.gravatar.com\/avatar\/f08fec9e5d161146672022190172bcb121f980bd7a64f251ea643f4b19d0f071?s=96&d=mm&r=g","height":96,"width":96}},"publisher":{"@type":"Organization","name":"mirelina.cz","logo":{"@type":"ImageObject","@id":"\/logo.png","url":"\/logo.png","width":600,"height":60}},"image":{"@type":"ImageObject","@id":"https:\/\/www.mirelina.cz\/wp-content\/uploads\/ladder_swimming_pool_water_1.jpg","url":"https:\/\/www.mirelina.cz\/wp-content\/uploads\/ladder_swimming_pool_water_1.jpg","height":0,"width":0},"keywords":null},{"@type":"Article","@id":"https:\/\/www.mirelina.cz\/kocarky-patri-do-zakladni-vybavy-kazde-maminky\/","headline":"Ko\u010d\u00e1rky pat\u0159\u00ed do z\u00e1kladn\u00ed v\u00fdbavy ka\u017ed\u00e9 maminky","url":"https:\/\/www.mirelina.cz\/kocarky-patri-do-zakladni-vybavy-kazde-maminky\/","datePublished":"2022-10-21","dateModified":"2023-05-01","mainEntityOfPage":"https:\/\/www.mirelina.cz\/kocarky-patri-do-zakladni-vybavy-kazde-maminky\/","author":{"@type":"Person","@id":"https:\/\/www.mirelina.cz\/author\/devene\/#Person","name":"devene","url":"https:\/\/www.mirelina.cz\/author\/devene\/","identifier":1,"image":{"@type":"ImageObject","@id":"https:\/\/secure.gravatar.com\/avatar\/f08fec9e5d161146672022190172bcb121f980bd7a64f251ea643f4b19d0f071?s=96&d=mm&r=g","url":"https:\/\/secure.gravatar.com\/avatar\/f08fec9e5d161146672022190172bcb121f980bd7a64f251ea643f4b19d0f071?s=96&d=mm&r=g","height":96,"width":96}},"publisher":{"@type":"Organization","name":"mirelina.cz","logo":{"@type":"ImageObject","@id":"\/logo.png","url":"\/logo.png","width":600,"height":60}},"image":{"@type":"ImageObject","@id":"https:\/\/www.mirelina.cz\/wp-content\/uploads\/retro-kocarek-pro-panenky-babysteps--15.jpg","url":"https:\/\/www.mirelina.cz\/wp-content\/uploads\/retro-kocarek-pro-panenky-babysteps--15.jpg","height":0,"width":0},"keywords":null}]}