{"@context":"https:\/\/schema.org\/","@type":"CollectionPage","@id":"https:\/\/www.mirelina.cz\/produkty\/#CollectionPage","headline":"Produkty Category","description":"","url":"https:\/\/www.mirelina.cz\/produkty\/","hasPart":[{"@type":"Article","@id":"https:\/\/www.mirelina.cz\/vykouzlete-z-balkonu-dokonaly-prostor-pro-odpocinek\/","headline":"Vykouzlete z balkonu dokonal\u00fd prostor pro odpo\u010dinek","url":"https:\/\/www.mirelina.cz\/vykouzlete-z-balkonu-dokonaly-prostor-pro-odpocinek\/","datePublished":"2023-04-29","dateModified":"2023-07-28","mainEntityOfPage":"https:\/\/www.mirelina.cz\/vykouzlete-z-balkonu-dokonaly-prostor-pro-odpocinek\/","author":{"@type":"Person","@id":"https:\/\/www.mirelina.cz\/author\/devene\/#Person","name":"devene","url":"https:\/\/www.mirelina.cz\/author\/devene\/","identifier":1,"image":{"@type":"ImageObject","@id":"https:\/\/secure.gravatar.com\/avatar\/f08fec9e5d161146672022190172bcb121f980bd7a64f251ea643f4b19d0f071?s=96&d=mm&r=g","url":"https:\/\/secure.gravatar.com\/avatar\/f08fec9e5d161146672022190172bcb121f980bd7a64f251ea643f4b19d0f071?s=96&d=mm&r=g","height":96,"width":96}},"publisher":{"@type":"Organization","name":"mirelina.cz","logo":{"@type":"ImageObject","@id":"\/logo.png","url":"\/logo.png","width":600,"height":60}},"image":{"@type":"ImageObject","@id":"https:\/\/www.mirelina.cz\/wp-content\/uploads\/balcony-2526221_1280.jpg","url":"https:\/\/www.mirelina.cz\/wp-content\/uploads\/balcony-2526221_1280.jpg","height":0,"width":0},"keywords":null},{"@type":"Article","@id":"https:\/\/www.mirelina.cz\/svatba-je-za-rohem\/","headline":"Svatba je za rohem?","url":"https:\/\/www.mirelina.cz\/svatba-je-za-rohem\/","datePublished":"2023-04-26","dateModified":"2023-04-26","mainEntityOfPage":"https:\/\/www.mirelina.cz\/svatba-je-za-rohem\/","author":{"@type":"Person","@id":"https:\/\/www.mirelina.cz\/author\/devene\/#Person","name":"devene","url":"https:\/\/www.mirelina.cz\/author\/devene\/","identifier":1,"image":{"@type":"ImageObject","@id":"https:\/\/secure.gravatar.com\/avatar\/f08fec9e5d161146672022190172bcb121f980bd7a64f251ea643f4b19d0f071?s=96&d=mm&r=g","url":"https:\/\/secure.gravatar.com\/avatar\/f08fec9e5d161146672022190172bcb121f980bd7a64f251ea643f4b19d0f071?s=96&d=mm&r=g","height":96,"width":96}},"publisher":{"@type":"Organization","name":"mirelina.cz","logo":{"@type":"ImageObject","@id":"\/logo.png","url":"\/logo.png","width":600,"height":60}},"image":{"@type":"ImageObject","@id":"https:\/\/www.mirelina.cz\/wp-content\/uploads\/wedding-dress-1485984_640_7.jpg","url":"https:\/\/www.mirelina.cz\/wp-content\/uploads\/wedding-dress-1485984_640_7.jpg","height":0,"width":0},"keywords":null},{"@type":"Article","@id":"https:\/\/www.mirelina.cz\/co-si-pribalit-na-stanovani\/","headline":"Co si p\u0159ibalit na stanov\u00e1n\u00ed?","url":"https:\/\/www.mirelina.cz\/co-si-pribalit-na-stanovani\/","datePublished":"2023-02-13","dateModified":"2023-05-01","mainEntityOfPage":"https:\/\/www.mirelina.cz\/co-si-pribalit-na-stanovani\/","author":{"@type":"Person","@id":"https:\/\/www.mirelina.cz\/author\/devene\/#Person","name":"devene","url":"https:\/\/www.mirelina.cz\/author\/devene\/","identifier":1,"image":{"@type":"ImageObject","@id":"https:\/\/secure.gravatar.com\/avatar\/f08fec9e5d161146672022190172bcb121f980bd7a64f251ea643f4b19d0f071?s=96&d=mm&r=g","url":"https:\/\/secure.gravatar.com\/avatar\/f08fec9e5d161146672022190172bcb121f980bd7a64f251ea643f4b19d0f071?s=96&d=mm&r=g","height":96,"width":96}},"publisher":{"@type":"Organization","name":"mirelina.cz","logo":{"@type":"ImageObject","@id":"\/logo.png","url":"\/logo.png","width":600,"height":60}},"image":{"@type":"ImageObject","@id":"https:\/\/www.mirelina.cz\/wp-content\/uploads\/camp-2963101__340.jpg","url":"https:\/\/www.mirelina.cz\/wp-content\/uploads\/camp-2963101__340.jpg","height":0,"width":0},"keywords":null},{"@type":"Article","@id":"https:\/\/www.mirelina.cz\/jak-si-udrzet-zamestnance\/","headline":"Jak si udr\u017eet zam\u011bstnance?","url":"https:\/\/www.mirelina.cz\/jak-si-udrzet-zamestnance\/","datePublished":"2023-01-13","dateModified":"2023-05-01","mainEntityOfPage":"https:\/\/www.mirelina.cz\/jak-si-udrzet-zamestnance\/","author":{"@type":"Person","@id":"https:\/\/www.mirelina.cz\/author\/devene\/#Person","name":"devene","url":"https:\/\/www.mirelina.cz\/author\/devene\/","identifier":1,"image":{"@type":"ImageObject","@id":"https:\/\/secure.gravatar.com\/avatar\/f08fec9e5d161146672022190172bcb121f980bd7a64f251ea643f4b19d0f071?s=96&d=mm&r=g","url":"https:\/\/secure.gravatar.com\/avatar\/f08fec9e5d161146672022190172bcb121f980bd7a64f251ea643f4b19d0f071?s=96&d=mm&r=g","height":96,"width":96}},"publisher":{"@type":"Organization","name":"mirelina.cz","logo":{"@type":"ImageObject","@id":"\/logo.png","url":"\/logo.png","width":600,"height":60}},"image":{"@type":"ImageObject","@id":"https:\/\/www.mirelina.cz\/wp-content\/uploads\/woman-4702060__480.jpg","url":"https:\/\/www.mirelina.cz\/wp-content\/uploads\/woman-4702060__480.jpg","height":0,"width":0},"keywords":null},{"@type":"Article","@id":"https:\/\/www.mirelina.cz\/jaky-caj-pit-pro-odstraneni-stresu-a-zklidneni\/","headline":"Jak\u00fd \u010daj p\u00edt pro odstran\u011bn\u00ed stresu a zklidn\u011bn\u00ed?","url":"https:\/\/www.mirelina.cz\/jaky-caj-pit-pro-odstraneni-stresu-a-zklidneni\/","datePublished":"2022-12-31","dateModified":"2023-05-01","mainEntityOfPage":"https:\/\/www.mirelina.cz\/jaky-caj-pit-pro-odstraneni-stresu-a-zklidneni\/","author":{"@type":"Person","@id":"https:\/\/www.mirelina.cz\/author\/devene\/#Person","name":"devene","url":"https:\/\/www.mirelina.cz\/author\/devene\/","identifier":1,"image":{"@type":"ImageObject","@id":"https:\/\/secure.gravatar.com\/avatar\/f08fec9e5d161146672022190172bcb121f980bd7a64f251ea643f4b19d0f071?s=96&d=mm&r=g","url":"https:\/\/secure.gravatar.com\/avatar\/f08fec9e5d161146672022190172bcb121f980bd7a64f251ea643f4b19d0f071?s=96&d=mm&r=g","height":96,"width":96}},"publisher":{"@type":"Organization","name":"mirelina.cz","logo":{"@type":"ImageObject","@id":"\/logo.png","url":"\/logo.png","width":600,"height":60}},"image":{"@type":"ImageObject","@id":"https:\/\/www.mirelina.cz\/wp-content\/uploads\/pexels-cottonbro-studio-4974504.jpg","url":"https:\/\/www.mirelina.cz\/wp-content\/uploads\/pexels-cottonbro-studio-4974504.jpg","height":0,"width":0},"keywords":null},{"@type":"Article","@id":"https:\/\/www.mirelina.cz\/nejlepe-vyuzity-prostor\/","headline":"Nejl\u00e9pe vyu\u017eit\u00fd prostor","url":"https:\/\/www.mirelina.cz\/nejlepe-vyuzity-prostor\/","datePublished":"2022-12-17","dateModified":"2023-05-01","mainEntityOfPage":"https:\/\/www.mirelina.cz\/nejlepe-vyuzity-prostor\/","author":{"@type":"Person","@id":"https:\/\/www.mirelina.cz\/author\/devene\/#Person","name":"devene","url":"https:\/\/www.mirelina.cz\/author\/devene\/","identifier":1,"image":{"@type":"ImageObject","@id":"https:\/\/secure.gravatar.com\/avatar\/f08fec9e5d161146672022190172bcb121f980bd7a64f251ea643f4b19d0f071?s=96&d=mm&r=g","url":"https:\/\/secure.gravatar.com\/avatar\/f08fec9e5d161146672022190172bcb121f980bd7a64f251ea643f4b19d0f071?s=96&d=mm&r=g","height":96,"width":96}},"publisher":{"@type":"Organization","name":"mirelina.cz","logo":{"@type":"ImageObject","@id":"\/logo.png","url":"\/logo.png","width":600,"height":60}},"image":{"@type":"ImageObject","@id":"https:\/\/www.mirelina.cz\/wp-content\/uploads\/cabinet-g3e10e346e_640.jpg","url":"https:\/\/www.mirelina.cz\/wp-content\/uploads\/cabinet-g3e10e346e_640.jpg","height":0,"width":0},"keywords":null},{"@type":"Article","@id":"https:\/\/www.mirelina.cz\/hezky-je-pansky-naramek-se-jmenem\/","headline":"Hezk\u00fd je p\u00e1nsk\u00fd n\u00e1ramek se jm\u00e9nem","url":"https:\/\/www.mirelina.cz\/hezky-je-pansky-naramek-se-jmenem\/","datePublished":"2022-12-12","dateModified":"2023-05-01","mainEntityOfPage":"https:\/\/www.mirelina.cz\/hezky-je-pansky-naramek-se-jmenem\/","author":{"@type":"Person","@id":"https:\/\/www.mirelina.cz\/author\/devene\/#Person","name":"devene","url":"https:\/\/www.mirelina.cz\/author\/devene\/","identifier":1,"image":{"@type":"ImageObject","@id":"https:\/\/secure.gravatar.com\/avatar\/f08fec9e5d161146672022190172bcb121f980bd7a64f251ea643f4b19d0f071?s=96&d=mm&r=g","url":"https:\/\/secure.gravatar.com\/avatar\/f08fec9e5d161146672022190172bcb121f980bd7a64f251ea643f4b19d0f071?s=96&d=mm&r=g","height":96,"width":96}},"publisher":{"@type":"Organization","name":"mirelina.cz","logo":{"@type":"ImageObject","@id":"\/logo.png","url":"\/logo.png","width":600,"height":60}},"image":{"@type":"ImageObject","@id":"https:\/\/www.mirelina.cz\/wp-content\/uploads\/nara.JPG","url":"https:\/\/www.mirelina.cz\/wp-content\/uploads\/nara.JPG","height":0,"width":0},"keywords":null},{"@type":"Article","@id":"https:\/\/www.mirelina.cz\/jaky-je-rozdil-mezi-upalem-a-uzehem\/","headline":"Jak\u00fd je rozd\u00edl mezi \u00fapalem a \u00fa\u017eehem","url":"https:\/\/www.mirelina.cz\/jaky-je-rozdil-mezi-upalem-a-uzehem\/","datePublished":"2022-12-11","dateModified":"2023-05-01","mainEntityOfPage":"https:\/\/www.mirelina.cz\/jaky-je-rozdil-mezi-upalem-a-uzehem\/","author":{"@type":"Person","@id":"https:\/\/www.mirelina.cz\/author\/devene\/#Person","name":"devene","url":"https:\/\/www.mirelina.cz\/author\/devene\/","identifier":1,"image":{"@type":"ImageObject","@id":"https:\/\/secure.gravatar.com\/avatar\/f08fec9e5d161146672022190172bcb121f980bd7a64f251ea643f4b19d0f071?s=96&d=mm&r=g","url":"https:\/\/secure.gravatar.com\/avatar\/f08fec9e5d161146672022190172bcb121f980bd7a64f251ea643f4b19d0f071?s=96&d=mm&r=g","height":96,"width":96}},"publisher":{"@type":"Organization","name":"mirelina.cz","logo":{"@type":"ImageObject","@id":"\/logo.png","url":"\/logo.png","width":600,"height":60}},"image":{"@type":"ImageObject","@id":"https:\/\/www.mirelina.cz\/wp-content\/uploads\/air-conditioner-ga5c255bf9_640.jpg","url":"https:\/\/www.mirelina.cz\/wp-content\/uploads\/air-conditioner-ga5c255bf9_640.jpg","height":0,"width":0},"keywords":null},{"@type":"Article","@id":"https:\/\/www.mirelina.cz\/usporadejte-oslavu-s-pobytem-u-zahradniho-bazenu\/","headline":"Uspo\u0159\u00e1dejte oslavu s pobytem u zahradn\u00edho baz\u00e9nu","url":"https:\/\/www.mirelina.cz\/usporadejte-oslavu-s-pobytem-u-zahradniho-bazenu\/","datePublished":"2022-12-01","dateModified":"2023-05-01","mainEntityOfPage":"https:\/\/www.mirelina.cz\/usporadejte-oslavu-s-pobytem-u-zahradniho-bazenu\/","author":{"@type":"Person","@id":"https:\/\/www.mirelina.cz\/author\/devene\/#Person","name":"devene","url":"https:\/\/www.mirelina.cz\/author\/devene\/","identifier":1,"image":{"@type":"ImageObject","@id":"https:\/\/secure.gravatar.com\/avatar\/f08fec9e5d161146672022190172bcb121f980bd7a64f251ea643f4b19d0f071?s=96&d=mm&r=g","url":"https:\/\/secure.gravatar.com\/avatar\/f08fec9e5d161146672022190172bcb121f980bd7a64f251ea643f4b19d0f071?s=96&d=mm&r=g","height":96,"width":96}},"publisher":{"@type":"Organization","name":"mirelina.cz","logo":{"@type":"ImageObject","@id":"\/logo.png","url":"\/logo.png","width":600,"height":60}},"image":{"@type":"ImageObject","@id":"https:\/\/www.mirelina.cz\/wp-content\/uploads\/sunglasses-gd5543f3bb_640.jpg","url":"https:\/\/www.mirelina.cz\/wp-content\/uploads\/sunglasses-gd5543f3bb_640.jpg","height":0,"width":0},"keywords":null},{"@type":"Article","@id":"https:\/\/www.mirelina.cz\/klimatizaci-oceni-zejmena-lide-ve-mestech\/","headline":"Klimatizaci ocen\u00ed zejm\u00e9na lid\u00e9 ve m\u011bstech","url":"https:\/\/www.mirelina.cz\/klimatizaci-oceni-zejmena-lide-ve-mestech\/","datePublished":"2022-11-27","dateModified":"2024-02-12","mainEntityOfPage":"https:\/\/www.mirelina.cz\/klimatizaci-oceni-zejmena-lide-ve-mestech\/","author":{"@type":"Person","@id":"https:\/\/www.mirelina.cz\/author\/devene\/#Person","name":"devene","url":"https:\/\/www.mirelina.cz\/author\/devene\/","identifier":1,"image":{"@type":"ImageObject","@id":"https:\/\/secure.gravatar.com\/avatar\/f08fec9e5d161146672022190172bcb121f980bd7a64f251ea643f4b19d0f071?s=96&d=mm&r=g","url":"https:\/\/secure.gravatar.com\/avatar\/f08fec9e5d161146672022190172bcb121f980bd7a64f251ea643f4b19d0f071?s=96&d=mm&r=g","height":96,"width":96}},"publisher":{"@type":"Organization","name":"mirelina.cz","logo":{"@type":"ImageObject","@id":"\/logo.png","url":"\/logo.png","width":600,"height":60}},"image":{"@type":"ImageObject","@id":"https:\/\/www.mirelina.cz\/wp-content\/uploads\/air-conditioner-3629396_640_3.jpg","url":"https:\/\/www.mirelina.cz\/wp-content\/uploads\/air-conditioner-3629396_640_3.jpg","height":0,"width":0},"keywords":null}]}