{"@context":"https:\/\/schema.org\/","@type":"CollectionPage","@id":"https:\/\/www.mirelina.cz\/produkty\/#CollectionPage","headline":"Produkty Category","description":"","url":"https:\/\/www.mirelina.cz\/produkty\/","hasPart":[{"@type":"Article","@id":"https:\/\/www.mirelina.cz\/kdyz-na-vodu-s-mobilem-tak-ve-specialnim-pouzdre\/","headline":"Kdy\u017e na vodu s mobilem, tak ve speci\u00e1ln\u00edm pouzd\u0159e","url":"https:\/\/www.mirelina.cz\/kdyz-na-vodu-s-mobilem-tak-ve-specialnim-pouzdre\/","datePublished":"2025-03-17","dateModified":"2025-03-17","mainEntityOfPage":"https:\/\/www.mirelina.cz\/kdyz-na-vodu-s-mobilem-tak-ve-specialnim-pouzdre\/","author":{"@type":"Person","@id":"https:\/\/www.mirelina.cz\/author\/devene\/#Person","name":"devene","url":"https:\/\/www.mirelina.cz\/author\/devene\/","identifier":1,"image":{"@type":"ImageObject","@id":"https:\/\/secure.gravatar.com\/avatar\/f08fec9e5d161146672022190172bcb121f980bd7a64f251ea643f4b19d0f071?s=96&d=mm&r=g","url":"https:\/\/secure.gravatar.com\/avatar\/f08fec9e5d161146672022190172bcb121f980bd7a64f251ea643f4b19d0f071?s=96&d=mm&r=g","height":96,"width":96}},"publisher":{"@type":"Organization","name":"mirelina.cz","logo":{"@type":"ImageObject","@id":"\/logo.png","url":"\/logo.png","width":600,"height":60}},"image":{"@type":"ImageObject","@id":"https:\/\/www.mirelina.cz\/wp-content\/uploads\/paddle-758661_640.jpg","url":"https:\/\/www.mirelina.cz\/wp-content\/uploads\/paddle-758661_640.jpg","height":0,"width":0},"keywords":null},{"@type":"Article","@id":"https:\/\/www.mirelina.cz\/jizdy-v-autoskole-absolvujte-odpocinuti\/","headline":"J\u00edzdy v auto\u0161kole absolvujte odpo\u010dinut\u00ed","url":"https:\/\/www.mirelina.cz\/jizdy-v-autoskole-absolvujte-odpocinuti\/","datePublished":"2024-12-10","dateModified":"2024-12-10","mainEntityOfPage":"https:\/\/www.mirelina.cz\/jizdy-v-autoskole-absolvujte-odpocinuti\/","author":{"@type":"Person","@id":"https:\/\/www.mirelina.cz\/author\/devene\/#Person","name":"devene","url":"https:\/\/www.mirelina.cz\/author\/devene\/","identifier":1,"image":{"@type":"ImageObject","@id":"https:\/\/secure.gravatar.com\/avatar\/f08fec9e5d161146672022190172bcb121f980bd7a64f251ea643f4b19d0f071?s=96&d=mm&r=g","url":"https:\/\/secure.gravatar.com\/avatar\/f08fec9e5d161146672022190172bcb121f980bd7a64f251ea643f4b19d0f071?s=96&d=mm&r=g","height":96,"width":96}},"publisher":{"@type":"Organization","name":"mirelina.cz","logo":{"@type":"ImageObject","@id":"\/logo.png","url":"\/logo.png","width":600,"height":60}},"image":{"@type":"ImageObject","@id":"https:\/\/www.mirelina.cz\/wp-content\/uploads\/driving-school-397293_640_10_10.jpg","url":"https:\/\/www.mirelina.cz\/wp-content\/uploads\/driving-school-397293_640_10_10.jpg","height":0,"width":0},"keywords":null},{"@type":"Article","@id":"https:\/\/www.mirelina.cz\/hygiena-pri-spolecnych-chvilich\/","headline":"Hygiena p\u0159i spole\u010dn\u00fdch chv\u00edl\u00edch","url":"https:\/\/www.mirelina.cz\/hygiena-pri-spolecnych-chvilich\/","datePublished":"2024-09-15","dateModified":"2024-09-15","mainEntityOfPage":"https:\/\/www.mirelina.cz\/hygiena-pri-spolecnych-chvilich\/","author":{"@type":"Person","@id":"https:\/\/www.mirelina.cz\/author\/devene\/#Person","name":"devene","url":"https:\/\/www.mirelina.cz\/author\/devene\/","identifier":1,"image":{"@type":"ImageObject","@id":"https:\/\/secure.gravatar.com\/avatar\/f08fec9e5d161146672022190172bcb121f980bd7a64f251ea643f4b19d0f071?s=96&d=mm&r=g","url":"https:\/\/secure.gravatar.com\/avatar\/f08fec9e5d161146672022190172bcb121f980bd7a64f251ea643f4b19d0f071?s=96&d=mm&r=g","height":96,"width":96}},"publisher":{"@type":"Organization","name":"mirelina.cz","logo":{"@type":"ImageObject","@id":"\/logo.png","url":"\/logo.png","width":600,"height":60}},"image":{"@type":"ImageObject","@id":"https:\/\/www.mirelina.cz\/wp-content\/uploads\/shisha-4749223_640_10_10_7.jpg","url":"https:\/\/www.mirelina.cz\/wp-content\/uploads\/shisha-4749223_640_10_10_7.jpg","height":0,"width":0},"keywords":null},{"@type":"Article","@id":"https:\/\/www.mirelina.cz\/navrhy\/","headline":"N\u00e1vrhy.","url":"https:\/\/www.mirelina.cz\/navrhy\/","datePublished":"2024-04-30","dateModified":"2024-04-30","mainEntityOfPage":"https:\/\/www.mirelina.cz\/navrhy\/","author":{"@type":"Person","@id":"https:\/\/www.mirelina.cz\/author\/devene\/#Person","name":"devene","url":"https:\/\/www.mirelina.cz\/author\/devene\/","identifier":1,"image":{"@type":"ImageObject","@id":"https:\/\/secure.gravatar.com\/avatar\/f08fec9e5d161146672022190172bcb121f980bd7a64f251ea643f4b19d0f071?s=96&d=mm&r=g","url":"https:\/\/secure.gravatar.com\/avatar\/f08fec9e5d161146672022190172bcb121f980bd7a64f251ea643f4b19d0f071?s=96&d=mm&r=g","height":96,"width":96}},"publisher":{"@type":"Organization","name":"mirelina.cz","logo":{"@type":"ImageObject","@id":"\/logo.png","url":"\/logo.png","width":600,"height":60}},"image":{"@type":"ImageObject","@id":"https:\/\/www.mirelina.cz\/wp-content\/uploads\/architecture-1171462_640(1).jpg","url":"https:\/\/www.mirelina.cz\/wp-content\/uploads\/architecture-1171462_640(1).jpg","height":0,"width":0},"keywords":null},{"@type":"Article","@id":"https:\/\/www.mirelina.cz\/mene-vrasek-zdravejsi-klouby\/","headline":"M\u00e9n\u011b vr\u00e1sek, zdrav\u011bj\u0161\u00ed klouby","url":"https:\/\/www.mirelina.cz\/mene-vrasek-zdravejsi-klouby\/","datePublished":"2024-04-13","dateModified":"2024-04-13","mainEntityOfPage":"https:\/\/www.mirelina.cz\/mene-vrasek-zdravejsi-klouby\/","author":{"@type":"Person","@id":"https:\/\/www.mirelina.cz\/author\/devene\/#Person","name":"devene","url":"https:\/\/www.mirelina.cz\/author\/devene\/","identifier":1,"image":{"@type":"ImageObject","@id":"https:\/\/secure.gravatar.com\/avatar\/f08fec9e5d161146672022190172bcb121f980bd7a64f251ea643f4b19d0f071?s=96&d=mm&r=g","url":"https:\/\/secure.gravatar.com\/avatar\/f08fec9e5d161146672022190172bcb121f980bd7a64f251ea643f4b19d0f071?s=96&d=mm&r=g","height":96,"width":96}},"publisher":{"@type":"Organization","name":"mirelina.cz","logo":{"@type":"ImageObject","@id":"\/logo.png","url":"\/logo.png","width":600,"height":60}},"image":{"@type":"ImageObject","@id":"https:\/\/www.mirelina.cz\/wp-content\/uploads\/pexels-senanur-ulusoy-182138396-14832252_3.jpg","url":"https:\/\/www.mirelina.cz\/wp-content\/uploads\/pexels-senanur-ulusoy-182138396-14832252_3.jpg","height":0,"width":0},"keywords":null},{"@type":"Article","@id":"https:\/\/www.mirelina.cz\/vliv-kolagenu-na-nase-zdravi\/","headline":"Vliv kolagenu na na\u0161e zdrav\u00ed","url":"https:\/\/www.mirelina.cz\/vliv-kolagenu-na-nase-zdravi\/","datePublished":"2024-01-20","dateModified":"2024-01-20","mainEntityOfPage":"https:\/\/www.mirelina.cz\/vliv-kolagenu-na-nase-zdravi\/","author":{"@type":"Person","@id":"https:\/\/www.mirelina.cz\/author\/devene\/#Person","name":"devene","url":"https:\/\/www.mirelina.cz\/author\/devene\/","identifier":1,"image":{"@type":"ImageObject","@id":"https:\/\/secure.gravatar.com\/avatar\/f08fec9e5d161146672022190172bcb121f980bd7a64f251ea643f4b19d0f071?s=96&d=mm&r=g","url":"https:\/\/secure.gravatar.com\/avatar\/f08fec9e5d161146672022190172bcb121f980bd7a64f251ea643f4b19d0f071?s=96&d=mm&r=g","height":96,"width":96}},"publisher":{"@type":"Organization","name":"mirelina.cz","logo":{"@type":"ImageObject","@id":"\/logo.png","url":"\/logo.png","width":600,"height":60}},"image":{"@type":"ImageObject","@id":"https:\/\/www.mirelina.cz\/wp-content\/uploads\/isabella-fischer-GFKPATimbvM-unsplash.jpg","url":"https:\/\/www.mirelina.cz\/wp-content\/uploads\/isabella-fischer-GFKPATimbvM-unsplash.jpg","height":0,"width":0},"keywords":null},{"@type":"Article","@id":"https:\/\/www.mirelina.cz\/vyzdoba-na-svatky\/","headline":"V\u00fdzdoba na sv\u00e1tky.","url":"https:\/\/www.mirelina.cz\/vyzdoba-na-svatky\/","datePublished":"2023-11-30","dateModified":"2023-11-30","mainEntityOfPage":"https:\/\/www.mirelina.cz\/vyzdoba-na-svatky\/","author":{"@type":"Person","@id":"https:\/\/www.mirelina.cz\/author\/devene\/#Person","name":"devene","url":"https:\/\/www.mirelina.cz\/author\/devene\/","identifier":1,"image":{"@type":"ImageObject","@id":"https:\/\/secure.gravatar.com\/avatar\/f08fec9e5d161146672022190172bcb121f980bd7a64f251ea643f4b19d0f071?s=96&d=mm&r=g","url":"https:\/\/secure.gravatar.com\/avatar\/f08fec9e5d161146672022190172bcb121f980bd7a64f251ea643f4b19d0f071?s=96&d=mm&r=g","height":96,"width":96}},"publisher":{"@type":"Organization","name":"mirelina.cz","logo":{"@type":"ImageObject","@id":"\/logo.png","url":"\/logo.png","width":600,"height":60}},"image":{"@type":"ImageObject","@id":"https:\/\/www.mirelina.cz\/wp-content\/uploads\/easter-eggs-7126346_1280.jpg","url":"https:\/\/www.mirelina.cz\/wp-content\/uploads\/easter-eggs-7126346_1280.jpg","height":0,"width":0},"keywords":null},{"@type":"Article","@id":"https:\/\/www.mirelina.cz\/viagra-pro-vas\/","headline":"Viagra pro v\u00e1s","url":"https:\/\/www.mirelina.cz\/viagra-pro-vas\/","datePublished":"2023-06-26","dateModified":"2024-05-29","mainEntityOfPage":"https:\/\/www.mirelina.cz\/viagra-pro-vas\/","author":{"@type":"Person","@id":"https:\/\/www.mirelina.cz\/author\/devene\/#Person","name":"devene","url":"https:\/\/www.mirelina.cz\/author\/devene\/","identifier":1,"image":{"@type":"ImageObject","@id":"https:\/\/secure.gravatar.com\/avatar\/f08fec9e5d161146672022190172bcb121f980bd7a64f251ea643f4b19d0f071?s=96&d=mm&r=g","url":"https:\/\/secure.gravatar.com\/avatar\/f08fec9e5d161146672022190172bcb121f980bd7a64f251ea643f4b19d0f071?s=96&d=mm&r=g","height":96,"width":96}},"publisher":{"@type":"Organization","name":"mirelina.cz","logo":{"@type":"ImageObject","@id":"\/logo.png","url":"\/logo.png","width":600,"height":60}},"image":{"@type":"ImageObject","@id":"https:\/\/www.mirelina.cz\/wp-content\/uploads\/tablets-2148887_1280.jpg","url":"https:\/\/www.mirelina.cz\/wp-content\/uploads\/tablets-2148887_1280.jpg","height":0,"width":0},"keywords":null},{"@type":"Article","@id":"https:\/\/www.mirelina.cz\/cervena-verze-kratomu\/","headline":"\u010cerven\u00e1 verze kratomu","url":"https:\/\/www.mirelina.cz\/cervena-verze-kratomu\/","datePublished":"2023-05-23","dateModified":"2023-09-19","mainEntityOfPage":"https:\/\/www.mirelina.cz\/cervena-verze-kratomu\/","author":{"@type":"Person","@id":"https:\/\/www.mirelina.cz\/author\/devene\/#Person","name":"devene","url":"https:\/\/www.mirelina.cz\/author\/devene\/","identifier":1,"image":{"@type":"ImageObject","@id":"https:\/\/secure.gravatar.com\/avatar\/f08fec9e5d161146672022190172bcb121f980bd7a64f251ea643f4b19d0f071?s=96&d=mm&r=g","url":"https:\/\/secure.gravatar.com\/avatar\/f08fec9e5d161146672022190172bcb121f980bd7a64f251ea643f4b19d0f071?s=96&d=mm&r=g","height":96,"width":96}},"publisher":{"@type":"Organization","name":"mirelina.cz","logo":{"@type":"ImageObject","@id":"\/logo.png","url":"\/logo.png","width":600,"height":60}},"image":{"@type":"ImageObject","@id":"https:\/\/www.mirelina.cz\/wp-content\/uploads\/druhy_kratomu_RXr6km.jpg","url":"https:\/\/www.mirelina.cz\/wp-content\/uploads\/druhy_kratomu_RXr6km.jpg","height":0,"width":0},"keywords":null},{"@type":"Article","@id":"https:\/\/www.mirelina.cz\/usnadnete-si-praci-pri-montazi-betonoveho-plotu\/","headline":"Usnadn\u011bte si pr\u00e1ci p\u0159i mont\u00e1\u017ei betonov\u00e9ho plotu","url":"https:\/\/www.mirelina.cz\/usnadnete-si-praci-pri-montazi-betonoveho-plotu\/","datePublished":"2023-05-20","dateModified":"2023-05-20","mainEntityOfPage":"https:\/\/www.mirelina.cz\/usnadnete-si-praci-pri-montazi-betonoveho-plotu\/","author":{"@type":"Person","@id":"https:\/\/www.mirelina.cz\/author\/devene\/#Person","name":"devene","url":"https:\/\/www.mirelina.cz\/author\/devene\/","identifier":1,"image":{"@type":"ImageObject","@id":"https:\/\/secure.gravatar.com\/avatar\/f08fec9e5d161146672022190172bcb121f980bd7a64f251ea643f4b19d0f071?s=96&d=mm&r=g","url":"https:\/\/secure.gravatar.com\/avatar\/f08fec9e5d161146672022190172bcb121f980bd7a64f251ea643f4b19d0f071?s=96&d=mm&r=g","height":96,"width":96}},"publisher":{"@type":"Organization","name":"mirelina.cz","logo":{"@type":"ImageObject","@id":"\/logo.png","url":"\/logo.png","width":600,"height":60}},"image":{"@type":"ImageObject","@id":"https:\/\/www.mirelina.cz\/wp-content\/uploads\/slava-kompaniets-tvEMEVs7pWo-unsplash.jpg","url":"https:\/\/www.mirelina.cz\/wp-content\/uploads\/slava-kompaniets-tvEMEVs7pWo-unsplash.jpg","height":0,"width":0},"keywords":null}]}