[{"@context":"https:\/\/schema.org\/","@type":"Article","@id":"https:\/\/www.mirelina.cz\/pojisteni-at-uz-pracovni-nebo-zivotni\/#Article","mainEntityOfPage":"https:\/\/www.mirelina.cz\/pojisteni-at-uz-pracovni-nebo-zivotni\/","headline":"Poji\u0161t\u011bn\u00ed a\u0165 u\u017e pracovn\u00ed nebo \u017eivotn\u00ed","name":"Poji\u0161t\u011bn\u00ed a\u0165 u\u017e pracovn\u00ed nebo \u017eivotn\u00ed","description":"Zn\u00e1te to? t\u011b\u017ek\u00e1 fyzick\u00e1 pr\u00e1ce, velice n\u00e1ro\u010dn\u00e1 a v\u00e1m se n\u011bco stalo jen\u017ee nejste poji\u0161t\u011bn\u00fd\/n\u00e1 a v\u00e1m se n\u011bco stane, no a co te\u010f ? tak na to se pod\u00edv\u00e1me v na\u0161em dne\u0161n\u00edm \u010dl\u00e1nku. Jak jist\u011b v\u00edte b\u00fdt poji\u0161t\u011bn nen\u00ed zrovna od v\u011bci, sice to n\u011bjak\u00e9 ty pen\u00edze stoj\u00ed ale v moment\u011b kdy se v\u00e1m [&hellip;]","datePublished":"2022-10-16","dateModified":"2023-05-01","author":{"@type":"Person","@id":"https:\/\/www.mirelina.cz\/author\/devene\/#Person","name":"devene","url":"https:\/\/www.mirelina.cz\/author\/devene\/","identifier":1,"image":{"@type":"ImageObject","@id":"https:\/\/secure.gravatar.com\/avatar\/f08fec9e5d161146672022190172bcb121f980bd7a64f251ea643f4b19d0f071?s=96&d=mm&r=g","url":"https:\/\/secure.gravatar.com\/avatar\/f08fec9e5d161146672022190172bcb121f980bd7a64f251ea643f4b19d0f071?s=96&d=mm&r=g","height":96,"width":96}},"publisher":{"@type":"Organization","name":"mirelina.cz","logo":{"@type":"ImageObject","@id":"\/logo.png","url":"\/logo.png","width":600,"height":60}},"image":{"@type":"ImageObject","@id":"https:\/\/www.mirelina.cz\/wp-content\/uploads\/ePojisteni_web_426x275_uspory_t.png","url":"https:\/\/www.mirelina.cz\/wp-content\/uploads\/ePojisteni_web_426x275_uspory_t.png","height":0,"width":0},"url":"https:\/\/www.mirelina.cz\/pojisteni-at-uz-pracovni-nebo-zivotni\/","about":["Finance"],"wordCount":599,"articleBody":"        Zn\u00e1te to? t\u011b\u017ek\u00e1 fyzick\u00e1 pr\u00e1ce, velice n\u00e1ro\u010dn\u00e1 a v\u00e1m se n\u011bco stalo jen\u017ee nejste poji\u0161t\u011bn\u00fd\/n\u00e1 a v\u00e1m se n\u011bco stane, no a co te\u010f ? tak na to se pod\u00edv\u00e1me v na\u0161em dne\u0161n\u00edm \u010dl\u00e1nku. Jak jist\u011b v\u00edte b\u00fdt poji\u0161t\u011bn nen\u00ed zrovna od v\u011bci, sice to n\u011bjak\u00e9 ty pen\u00edze stoj\u00ed ale v moment\u011b kdy se v\u00e1m n\u011bco stane za to budete velice r\u00e1di. Proto\u017ee v p\u0159\u00edpad\u011b \u017ee budete muset na nemocenskou po jak\u00e9mkoliv \u00farazu. Budou v\u00e1m chodit pen\u00edze od zam\u011bstnavatele ale z\u00e1rove\u0148 i od poji\u0161\u0165ovny. Sice to nebude n\u011bjak\u00e1 velk\u00e1 suma pen\u011bz ale v dne\u0161n\u00ed dob\u011b s t\u011bmi cenami a\u0165 u\u017e potravin \u010di benz\u00ednu se ka\u017ed\u00e1 koruna hod\u00ed. V \u010cesk\u00e9 republice existuje a\u017e \u0161est r\u016fzn\u00fdch d\u00e1vek kter\u00e9 m\u016f\u017eete pob\u00edrat. 1) Klasick\u00e1 nemocensk\u00e1 v p\u0159\u00edpad\u011b nemoci. 2) jako druhou d\u00e1vku tu m\u00e1me tzv. o\u0161et\u0159ovn\u00e9 co\u017e je dosti podobn\u00e9 nemocensk\u00e9 ale jedn\u00e1 se tzv. pe\u010dov\u00e1n\u00ed o druhou osobu, aby jste to l\u00e9pe ch\u00e1paly tak v p\u0159\u00edpad\u011b \u017ee se star\u00e1te a\u0165 u\u017e o nemocn\u00e9 rodi\u010de nebo osobu kter\u00e9 se o sebe nedok\u00e1\u017ee postarat a vy kv\u016fli tomu nem\u016f\u017eete chodit do pr\u00e1ce automaticky budete od st\u00e1tu pob\u00edrat ji\u017e zm\u00edn\u011bn\u00e9 o\u0161et\u0159ovn\u00e9. 3) Jako t\u0159et\u00ed d\u00e1vku si p\u0159edstav\u00edme velice zn\u00e1mou mate\u0159skou, mate\u0159sk\u00e1 dovolen\u00e1 neboli pomoc v mate\u0159stv\u00ed je pro maminky s \u010derstv\u011b narozen\u00fdm miminkem, Mate\u0159sk\u00e1 se pob\u00edr\u00e1 t\u0159i roky ne\u017e jde va\u0161e d\u00edt\u011b do \u0161kolky a vy se pot\u00e9 m\u016f\u017eete vr\u00e1tit zp\u011bt do pr\u00e1ce. Do t\u00e9to kategorie samoz\u0159ejm\u011b pat\u0159\u00ed i tzv. Otcovsk\u00e1 co\u017e je vlastn\u011b takov\u00e1 mate\u0159sk\u00e1 pro otce, bu\u010f si to dan\u00fd otec domluv\u00ed tak \u017ee prvn\u00edch 14 dn\u00ed \u017eivota d\u00edt\u011bte bude s partnerkou doma nebo se to m\u016f\u017ee prot\u00e1hnout na t\u0159i roky a s partnerkou si to takzvan\u011b vym\u011bn\u00ed. Ona bude chodit do pr\u00e1ce a partner bude doma s d\u00edt\u011btem. 4) A jako posledn\u00ed bod tu m\u00e1me dlouhodob\u00e9 o\u0161et\u0159ovn\u00e9 co\u017e je stejn\u00e9 jako o\u0161et\u0159ovn\u00e9 akor\u00e1t ho dan\u00e1 osoba pob\u00edr\u00e1 d\u00e9le ne\u017e pr\u00e1v\u011b o\u0161et\u0159ovn\u00e9. Ale i tyto d\u00e1vky maj\u00ed svoje velk\u00e9 Pozor, v p\u0159\u00edpad\u011b \u017ee by jste cht\u011bly pob\u00edrat jakoukoliv z t\u011bchto d\u00e1vek mus\u00edte spl\u0148ovat ve\u0161ker\u00e9 podm\u00ednky, jakmile byste alespo\u0148 jednu nesplnili m\u00e1te prost\u011b sm\u016flu a automaticky na d\u00e1vku nem\u00e1te n\u00e1rok. A v p\u0159\u00edpad\u011b \u017ee podm\u00ednky spl\u0148ujete a o d\u00e1vku si neza\u017e\u00e1d\u00e1te hned. Nemus\u00edte se b\u00e1t \u017ee byste na tyto d\u00e1vky ztratili n\u00e1rok. Proto\u017ee je soudn\u011b na\u0159\u00edzen\u00e9 \u017ee jakmile \u017eadatel spl\u0148uje podm\u00ednky a \u017e\u00e1d\u00e1 opo\u017ed\u011bn\u011b je dan\u00fd \u00fa\u0159ad nucen vyplatit mu ve\u0161ker\u00e9 pen\u00edze za uplynul\u00e9 m\u011bs\u00edce ode dne n\u00e1stupu na nemocenskou a to p\u0159esn\u011b do t\u0159\u00ed let. Tak\u017ee si pamatujte \u017ee kdy\u017e p\u0159ijde nemoc je dobr\u00e9 si ihned podat \u017e\u00e1dost o d\u00e1vky proto\u017ee jak u\u017e je zm\u00edn\u011bno v\u00fd\u0161e ka\u017ed\u00e1 koruna se v\u017edycky hod\u00ed a to u\u017e jenom d\u00edky na\u0161im vysok\u00fdm cen\u00e1m naprosto v\u0161eho mo\u017en\u00e9ho.                                                                                                                                                                                                                                                                                                                                                                                           4.6\/5 - (5 votes)        "},{"@context":"https:\/\/schema.org\/","@type":"BreadcrumbList","itemListElement":[{"@type":"ListItem","position":1,"name":"Poji\u0161t\u011bn\u00ed a\u0165 u\u017e pracovn\u00ed nebo \u017eivotn\u00ed","item":"https:\/\/www.mirelina.cz\/pojisteni-at-uz-pracovni-nebo-zivotni\/#breadcrumbitem"}]}]