[{"@context":"https:\/\/schema.org\/","@type":"Blog","@id":"https:\/\/www.mirelina.cz#Blog","headline":"Mirelina","description":"\nPokud jste m\u011bli v\u017edycky pen\u011bz dost, mo\u017en\u00e1 ani netu\u0161\u00edte, jak se \u017eije chud\u00fdm lidem. Ale zkuste si jejich osud p\u0159edstavit. Jednou to m\u016f\u017ee potkat i v\u00e1s.","url":"https:\/\/www.mirelina.cz","hasPart":[{"@type":"Article","@id":"https:\/\/www.mirelina.cz\/nejlepe-vyuzity-prostor\/","headline":"Nejl\u00e9pe vyu\u017eit\u00fd prostor","url":"https:\/\/www.mirelina.cz\/nejlepe-vyuzity-prostor\/","datePublished":"2022-12-17","dateModified":"2023-05-01","mainEntityOfPage":"https:\/\/www.mirelina.cz\/nejlepe-vyuzity-prostor\/","author":{"@type":"Person","@id":"https:\/\/www.mirelina.cz\/author\/devene\/#Person","name":"devene","url":"https:\/\/www.mirelina.cz\/author\/devene\/","identifier":1,"image":{"@type":"ImageObject","@id":"https:\/\/secure.gravatar.com\/avatar\/f08fec9e5d161146672022190172bcb121f980bd7a64f251ea643f4b19d0f071?s=96&d=mm&r=g","url":"https:\/\/secure.gravatar.com\/avatar\/f08fec9e5d161146672022190172bcb121f980bd7a64f251ea643f4b19d0f071?s=96&d=mm&r=g","height":96,"width":96}},"publisher":{"@type":"Organization","name":"mirelina.cz","logo":{"@type":"ImageObject","@id":"\/logo.png","url":"\/logo.png","width":600,"height":60}},"image":{"@type":"ImageObject","@id":"https:\/\/www.mirelina.cz\/wp-content\/uploads\/cabinet-g3e10e346e_640.jpg","url":"https:\/\/www.mirelina.cz\/wp-content\/uploads\/cabinet-g3e10e346e_640.jpg","height":0,"width":0},"wordCount":559,"keywords":null},{"@type":"Article","@id":"https:\/\/www.mirelina.cz\/hezky-je-pansky-naramek-se-jmenem\/","headline":"Hezk\u00fd je p\u00e1nsk\u00fd n\u00e1ramek se jm\u00e9nem","url":"https:\/\/www.mirelina.cz\/hezky-je-pansky-naramek-se-jmenem\/","datePublished":"2022-12-12","dateModified":"2023-05-01","mainEntityOfPage":"https:\/\/www.mirelina.cz\/hezky-je-pansky-naramek-se-jmenem\/","author":{"@type":"Person","@id":"https:\/\/www.mirelina.cz\/author\/devene\/#Person","name":"devene","url":"https:\/\/www.mirelina.cz\/author\/devene\/","identifier":1,"image":{"@type":"ImageObject","@id":"https:\/\/secure.gravatar.com\/avatar\/f08fec9e5d161146672022190172bcb121f980bd7a64f251ea643f4b19d0f071?s=96&d=mm&r=g","url":"https:\/\/secure.gravatar.com\/avatar\/f08fec9e5d161146672022190172bcb121f980bd7a64f251ea643f4b19d0f071?s=96&d=mm&r=g","height":96,"width":96}},"publisher":{"@type":"Organization","name":"mirelina.cz","logo":{"@type":"ImageObject","@id":"\/logo.png","url":"\/logo.png","width":600,"height":60}},"image":{"@type":"ImageObject","@id":"https:\/\/www.mirelina.cz\/wp-content\/uploads\/nara.JPG","url":"https:\/\/www.mirelina.cz\/wp-content\/uploads\/nara.JPG","height":0,"width":0},"wordCount":605,"keywords":null},{"@type":"Article","@id":"https:\/\/www.mirelina.cz\/jaky-je-rozdil-mezi-upalem-a-uzehem\/","headline":"Jak\u00fd je rozd\u00edl mezi \u00fapalem a \u00fa\u017eehem","url":"https:\/\/www.mirelina.cz\/jaky-je-rozdil-mezi-upalem-a-uzehem\/","datePublished":"2022-12-11","dateModified":"2023-05-01","mainEntityOfPage":"https:\/\/www.mirelina.cz\/jaky-je-rozdil-mezi-upalem-a-uzehem\/","author":{"@type":"Person","@id":"https:\/\/www.mirelina.cz\/author\/devene\/#Person","name":"devene","url":"https:\/\/www.mirelina.cz\/author\/devene\/","identifier":1,"image":{"@type":"ImageObject","@id":"https:\/\/secure.gravatar.com\/avatar\/f08fec9e5d161146672022190172bcb121f980bd7a64f251ea643f4b19d0f071?s=96&d=mm&r=g","url":"https:\/\/secure.gravatar.com\/avatar\/f08fec9e5d161146672022190172bcb121f980bd7a64f251ea643f4b19d0f071?s=96&d=mm&r=g","height":96,"width":96}},"publisher":{"@type":"Organization","name":"mirelina.cz","logo":{"@type":"ImageObject","@id":"\/logo.png","url":"\/logo.png","width":600,"height":60}},"image":{"@type":"ImageObject","@id":"https:\/\/www.mirelina.cz\/wp-content\/uploads\/air-conditioner-ga5c255bf9_640.jpg","url":"https:\/\/www.mirelina.cz\/wp-content\/uploads\/air-conditioner-ga5c255bf9_640.jpg","height":0,"width":0},"wordCount":533,"keywords":null},{"@type":"Article","@id":"https:\/\/www.mirelina.cz\/usporadejte-oslavu-s-pobytem-u-zahradniho-bazenu\/","headline":"Uspo\u0159\u00e1dejte oslavu s pobytem u zahradn\u00edho baz\u00e9nu","url":"https:\/\/www.mirelina.cz\/usporadejte-oslavu-s-pobytem-u-zahradniho-bazenu\/","datePublished":"2022-12-01","dateModified":"2023-05-01","mainEntityOfPage":"https:\/\/www.mirelina.cz\/usporadejte-oslavu-s-pobytem-u-zahradniho-bazenu\/","author":{"@type":"Person","@id":"https:\/\/www.mirelina.cz\/author\/devene\/#Person","name":"devene","url":"https:\/\/www.mirelina.cz\/author\/devene\/","identifier":1,"image":{"@type":"ImageObject","@id":"https:\/\/secure.gravatar.com\/avatar\/f08fec9e5d161146672022190172bcb121f980bd7a64f251ea643f4b19d0f071?s=96&d=mm&r=g","url":"https:\/\/secure.gravatar.com\/avatar\/f08fec9e5d161146672022190172bcb121f980bd7a64f251ea643f4b19d0f071?s=96&d=mm&r=g","height":96,"width":96}},"publisher":{"@type":"Organization","name":"mirelina.cz","logo":{"@type":"ImageObject","@id":"\/logo.png","url":"\/logo.png","width":600,"height":60}},"image":{"@type":"ImageObject","@id":"https:\/\/www.mirelina.cz\/wp-content\/uploads\/sunglasses-gd5543f3bb_640.jpg","url":"https:\/\/www.mirelina.cz\/wp-content\/uploads\/sunglasses-gd5543f3bb_640.jpg","height":0,"width":0},"wordCount":588,"keywords":null},{"@type":"Article","@id":"https:\/\/www.mirelina.cz\/posekame-travu-podle-vasich-predstav\/","headline":"Posek\u00e1me tr\u00e1vu podle Va\u0161ich p\u0159edstav","url":"https:\/\/www.mirelina.cz\/posekame-travu-podle-vasich-predstav\/","datePublished":"2022-11-27","dateModified":"2023-05-01","mainEntityOfPage":"https:\/\/www.mirelina.cz\/posekame-travu-podle-vasich-predstav\/","author":{"@type":"Person","@id":"https:\/\/www.mirelina.cz\/author\/devene\/#Person","name":"devene","url":"https:\/\/www.mirelina.cz\/author\/devene\/","identifier":1,"image":{"@type":"ImageObject","@id":"https:\/\/secure.gravatar.com\/avatar\/f08fec9e5d161146672022190172bcb121f980bd7a64f251ea643f4b19d0f071?s=96&d=mm&r=g","url":"https:\/\/secure.gravatar.com\/avatar\/f08fec9e5d161146672022190172bcb121f980bd7a64f251ea643f4b19d0f071?s=96&d=mm&r=g","height":96,"width":96}},"publisher":{"@type":"Organization","name":"mirelina.cz","logo":{"@type":"ImageObject","@id":"\/logo.png","url":"\/logo.png","width":600,"height":60}},"image":{"@type":"ImageObject","@id":"https:\/\/www.mirelina.cz\/wp-content\/uploads\/mowing-the-grass-1438159__480.jpg","url":"https:\/\/www.mirelina.cz\/wp-content\/uploads\/mowing-the-grass-1438159__480.jpg","height":0,"width":0},"wordCount":558,"keywords":null},{"@type":"Article","@id":"https:\/\/www.mirelina.cz\/klimatizaci-oceni-zejmena-lide-ve-mestech\/","headline":"Klimatizaci ocen\u00ed zejm\u00e9na lid\u00e9 ve m\u011bstech","url":"https:\/\/www.mirelina.cz\/klimatizaci-oceni-zejmena-lide-ve-mestech\/","datePublished":"2022-11-27","dateModified":"2024-02-12","mainEntityOfPage":"https:\/\/www.mirelina.cz\/klimatizaci-oceni-zejmena-lide-ve-mestech\/","author":{"@type":"Person","@id":"https:\/\/www.mirelina.cz\/author\/devene\/#Person","name":"devene","url":"https:\/\/www.mirelina.cz\/author\/devene\/","identifier":1,"image":{"@type":"ImageObject","@id":"https:\/\/secure.gravatar.com\/avatar\/f08fec9e5d161146672022190172bcb121f980bd7a64f251ea643f4b19d0f071?s=96&d=mm&r=g","url":"https:\/\/secure.gravatar.com\/avatar\/f08fec9e5d161146672022190172bcb121f980bd7a64f251ea643f4b19d0f071?s=96&d=mm&r=g","height":96,"width":96}},"publisher":{"@type":"Organization","name":"mirelina.cz","logo":{"@type":"ImageObject","@id":"\/logo.png","url":"\/logo.png","width":600,"height":60}},"image":{"@type":"ImageObject","@id":"https:\/\/www.mirelina.cz\/wp-content\/uploads\/air-conditioner-3629396_640_3.jpg","url":"https:\/\/www.mirelina.cz\/wp-content\/uploads\/air-conditioner-3629396_640_3.jpg","height":0,"width":0},"wordCount":539,"keywords":null},{"@type":"Article","@id":"https:\/\/www.mirelina.cz\/army-motivy\/","headline":"Army motivy","url":"https:\/\/www.mirelina.cz\/army-motivy\/","datePublished":"2022-11-20","dateModified":"2023-05-01","mainEntityOfPage":"https:\/\/www.mirelina.cz\/army-motivy\/","author":{"@type":"Person","@id":"https:\/\/www.mirelina.cz\/author\/devene\/#Person","name":"devene","url":"https:\/\/www.mirelina.cz\/author\/devene\/","identifier":1,"image":{"@type":"ImageObject","@id":"https:\/\/secure.gravatar.com\/avatar\/f08fec9e5d161146672022190172bcb121f980bd7a64f251ea643f4b19d0f071?s=96&d=mm&r=g","url":"https:\/\/secure.gravatar.com\/avatar\/f08fec9e5d161146672022190172bcb121f980bd7a64f251ea643f4b19d0f071?s=96&d=mm&r=g","height":96,"width":96}},"publisher":{"@type":"Organization","name":"mirelina.cz","logo":{"@type":"ImageObject","@id":"\/logo.png","url":"\/logo.png","width":600,"height":60}},"image":{"@type":"ImageObject","@id":"https:\/\/www.mirelina.cz\/wp-content\/uploads\/blank-1886008_960_720.png","url":"https:\/\/www.mirelina.cz\/wp-content\/uploads\/blank-1886008_960_720.png","height":0,"width":0},"wordCount":522,"keywords":null},{"@type":"Article","@id":"https:\/\/www.mirelina.cz\/ochranna-solarni-plachta-na-bazen\/","headline":"Ochrann\u00e1 sol\u00e1rn\u00ed plachta na baz\u00e9n","url":"https:\/\/www.mirelina.cz\/ochranna-solarni-plachta-na-bazen\/","datePublished":"2022-11-20","dateModified":"2023-05-01","mainEntityOfPage":"https:\/\/www.mirelina.cz\/ochranna-solarni-plachta-na-bazen\/","author":{"@type":"Person","@id":"https:\/\/www.mirelina.cz\/author\/devene\/#Person","name":"devene","url":"https:\/\/www.mirelina.cz\/author\/devene\/","identifier":1,"image":{"@type":"ImageObject","@id":"https:\/\/secure.gravatar.com\/avatar\/f08fec9e5d161146672022190172bcb121f980bd7a64f251ea643f4b19d0f071?s=96&d=mm&r=g","url":"https:\/\/secure.gravatar.com\/avatar\/f08fec9e5d161146672022190172bcb121f980bd7a64f251ea643f4b19d0f071?s=96&d=mm&r=g","height":96,"width":96}},"publisher":{"@type":"Organization","name":"mirelina.cz","logo":{"@type":"ImageObject","@id":"\/logo.png","url":"\/logo.png","width":600,"height":60}},"image":{"@type":"ImageObject","@id":"https:\/\/www.mirelina.cz\/wp-content\/uploads\/istockphoto-1153481509-170667a.jpg","url":"https:\/\/www.mirelina.cz\/wp-content\/uploads\/istockphoto-1153481509-170667a.jpg","height":0,"width":0},"wordCount":536,"keywords":null},{"@type":"Article","@id":"https:\/\/www.mirelina.cz\/budte-krasna-na-plese\/","headline":"Bu\u010fte kr\u00e1sn\u00e1 na plese","url":"https:\/\/www.mirelina.cz\/budte-krasna-na-plese\/","datePublished":"2022-11-15","dateModified":"2022-11-15","mainEntityOfPage":"https:\/\/www.mirelina.cz\/budte-krasna-na-plese\/","author":{"@type":"Person","@id":"https:\/\/www.mirelina.cz\/author\/devene\/#Person","name":"devene","url":"https:\/\/www.mirelina.cz\/author\/devene\/","identifier":1,"image":{"@type":"ImageObject","@id":"https:\/\/secure.gravatar.com\/avatar\/f08fec9e5d161146672022190172bcb121f980bd7a64f251ea643f4b19d0f071?s=96&d=mm&r=g","url":"https:\/\/secure.gravatar.com\/avatar\/f08fec9e5d161146672022190172bcb121f980bd7a64f251ea643f4b19d0f071?s=96&d=mm&r=g","height":96,"width":96}},"publisher":{"@type":"Organization","name":"mirelina.cz","logo":{"@type":"ImageObject","@id":"\/logo.png","url":"\/logo.png","width":600,"height":60}},"image":{"@type":"ImageObject","@id":"https:\/\/www.mirelina.cz\/wp-content\/uploads\/woman-g7024b7f55_640_1.jpg","url":"https:\/\/www.mirelina.cz\/wp-content\/uploads\/woman-g7024b7f55_640_1.jpg","height":0,"width":0},"wordCount":597,"keywords":null},{"@type":"Article","@id":"https:\/\/www.mirelina.cz\/sezente-i-vy-bez-problemu-letni-saty-pro-plnostihle\/","headline":"Se\u017ee\u0148te i vy bez probl\u00e9m\u016f letn\u00ed \u0161aty pro plno\u0161t\u00edhl\u00e9","url":"https:\/\/www.mirelina.cz\/sezente-i-vy-bez-problemu-letni-saty-pro-plnostihle\/","datePublished":"2022-11-14","dateModified":"2023-05-01","mainEntityOfPage":"https:\/\/www.mirelina.cz\/sezente-i-vy-bez-problemu-letni-saty-pro-plnostihle\/","author":{"@type":"Person","@id":"https:\/\/www.mirelina.cz\/author\/devene\/#Person","name":"devene","url":"https:\/\/www.mirelina.cz\/author\/devene\/","identifier":1,"image":{"@type":"ImageObject","@id":"https:\/\/secure.gravatar.com\/avatar\/f08fec9e5d161146672022190172bcb121f980bd7a64f251ea643f4b19d0f071?s=96&d=mm&r=g","url":"https:\/\/secure.gravatar.com\/avatar\/f08fec9e5d161146672022190172bcb121f980bd7a64f251ea643f4b19d0f071?s=96&d=mm&r=g","height":96,"width":96}},"publisher":{"@type":"Organization","name":"mirelina.cz","logo":{"@type":"ImageObject","@id":"\/logo.png","url":"\/logo.png","width":600,"height":60}},"image":{"@type":"ImageObject","@id":"https:\/\/www.mirelina.cz\/wp-content\/uploads\/%C5%A1aty_2.JPG","url":"https:\/\/www.mirelina.cz\/wp-content\/uploads\/%C5%A1aty_2.JPG","height":0,"width":0},"wordCount":582,"keywords":null}]},{"@context":"https:\/\/schema.org","@type":"WebSite","@id":"https:\/\/www.mirelina.cz\/#website","name":"Mirelina","url":"https:\/\/www.mirelina.cz","potentialAction":{"@type":"SearchAction","target":"https:\/\/www.mirelina.cz\/?s={search_term_string}","query-input":"required name=search_term_string"}}]