[{"@context":"https:\/\/schema.org\/","@type":"Article","@id":"https:\/\/www.mirelina.cz\/nejstastnejsi-den-v-zivote\/#Article","mainEntityOfPage":"https:\/\/www.mirelina.cz\/nejstastnejsi-den-v-zivote\/","headline":"Nej\u0161\u0165astn\u011bj\u0161\u00ed den v \u017eivot\u011b","name":"Nej\u0161\u0165astn\u011bj\u0161\u00ed den v \u017eivot\u011b","description":"Man\u017eelstv\u00ed je d\u016fle\u017eit\u00fdm krokem v \u017eivot\u011b ka\u017ed\u00e9ho a je t\u0159eba si tento krok velmi dob\u0159e rozmyslet, jeliko\u017e nen\u00ed \u00fapln\u011b jednoduch\u00e9 vr\u00e1tit se zp\u011bt. Pro v\u0161echny b\u00fdv\u00e1 svatebn\u00ed den t\u00edm nej\u0161\u0165astn\u011bj\u0161\u00edm dnem v \u017eivot\u011b, aspo\u0148 se to tedy \u0159\u00edk\u00e1. A proto si v\u0161ichni d\u00e1vaj\u00ed z\u00e1le\u017eet, aby se v\u0161e povedlo podle pl\u00e1n\u016f a tento den se stal [&hellip;]","datePublished":"2024-11-23","dateModified":"2024-11-23","author":{"@type":"Person","@id":"https:\/\/www.mirelina.cz\/author\/devene\/#Person","name":"devene","url":"https:\/\/www.mirelina.cz\/author\/devene\/","identifier":1,"image":{"@type":"ImageObject","@id":"https:\/\/secure.gravatar.com\/avatar\/f08fec9e5d161146672022190172bcb121f980bd7a64f251ea643f4b19d0f071?s=96&d=mm&r=g","url":"https:\/\/secure.gravatar.com\/avatar\/f08fec9e5d161146672022190172bcb121f980bd7a64f251ea643f4b19d0f071?s=96&d=mm&r=g","height":96,"width":96}},"publisher":{"@type":"Organization","name":"mirelina.cz","logo":{"@type":"ImageObject","@id":"\/logo.png","url":"\/logo.png","width":600,"height":60}},"url":"https:\/\/www.mirelina.cz\/nejstastnejsi-den-v-zivote\/","wordCount":201,"articleBody":"Man\u017eelstv\u00ed je d\u016fle\u017eit\u00fdm krokem v \u017eivot\u011b ka\u017ed\u00e9ho a je t\u0159eba si tento krok velmi dob\u0159e rozmyslet, jeliko\u017e nen\u00ed \u00fapln\u011b jednoduch\u00e9 vr\u00e1tit se zp\u011bt. Pro v\u0161echny b\u00fdv\u00e1 svatebn\u00ed den t\u00edm nej\u0161\u0165astn\u011bj\u0161\u00edm dnem v \u017eivot\u011b, aspo\u0148 se to tedy \u0159\u00edk\u00e1. A proto si v\u0161ichni d\u00e1vaj\u00ed z\u00e1le\u017eet, aby se v\u0161e povedlo podle pl\u00e1n\u016f a tento den se stal skute\u010dn\u011b t\u00edm nej\u0161\u0165astn\u011bj\u0161\u00edm.Nic nen\u00ed tak hrozn\u00e9Ale samoz\u0159ejm\u011b se m\u016f\u017ee st\u00e1t cokoliv a \u0159ekneme si, pro\u010d pr\u00e1v\u011b mn\u011b se toto stane v m\u016fj svatebn\u00ed den. T\u0159eba za\u010dne ne\u010dekan\u011b pr\u0161et, ale v\u017edy\u0165 to pr\u0161\u00ed \u0161t\u011bst\u00ed. Nebo se zpozd\u00ed ob\u0159ad, ale v\u0161ak nikam tento den nesp\u011bch\u00e1te. M\u016f\u017ee se tak\u00e9 st\u00e1t, \u017ee sv\u011bdek zapomene snubn\u00ed prsteny. Ale toto se \u010dasto na\u0161t\u011bst\u00ed nest\u00e1v\u00e1. Sice je to hor\u0161\u00ed situace, ale v\u0161e se d\u00e1 zvl\u00e1dnout t\u0159eba i zap\u016fj\u010den\u00edm jin\u00fdch nebo rychl\u00fdm autem. Jak se \u0159\u00edk\u00e1, v\u0161e zl\u00e9 je pro n\u011bco dobr\u00e9.                                                                                                                                                                                                                                                                                                                                                                                        4.7\/5 - (3 votes)        "},{"@context":"https:\/\/schema.org\/","@type":"BreadcrumbList","itemListElement":[{"@type":"ListItem","position":1,"name":"Nej\u0161\u0165astn\u011bj\u0161\u00ed den v \u017eivot\u011b","item":"https:\/\/www.mirelina.cz\/nejstastnejsi-den-v-zivote\/#breadcrumbitem"}]}]