[{"@context":"https:\/\/schema.org\/","@type":"Article","@id":"https:\/\/www.mirelina.cz\/kvalitni-remeslnici\/#Article","mainEntityOfPage":"https:\/\/www.mirelina.cz\/kvalitni-remeslnici\/","headline":"Kvalitn\u00ed \u0159emesln\u00edci","name":"Kvalitn\u00ed \u0159emesln\u00edci","description":"Kone\u010dn\u011b jsem se u\u017e p\u0159est\u011bhovala do Ostravy. Dlouhou dobu jsem bydlela v Brn\u011b, ale m\u011bla se tam opravdu \u0161patn\u00e9 vzpom\u00ednky na sv\u00e9 dva b\u00fdval\u00e9 partnery. Jeden partner m\u011b docela fyzicky a psychicky t\u00fdral, tak jsem si \u0159ekla, \u017ee Brno u\u017e opust\u00edm na dobro. U\u017e i po prvn\u00edm zkrachoval\u00e9m vztahu jsem uva\u017eovala, \u017ee se p\u0159est\u011bhuji opravdu [&hellip;]","datePublished":"2022-09-13","dateModified":"2023-05-01","author":{"@type":"Person","@id":"https:\/\/www.mirelina.cz\/author\/devene\/#Person","name":"devene","url":"https:\/\/www.mirelina.cz\/author\/devene\/","identifier":1,"image":{"@type":"ImageObject","@id":"https:\/\/secure.gravatar.com\/avatar\/f08fec9e5d161146672022190172bcb121f980bd7a64f251ea643f4b19d0f071?s=96&d=mm&r=g","url":"https:\/\/secure.gravatar.com\/avatar\/f08fec9e5d161146672022190172bcb121f980bd7a64f251ea643f4b19d0f071?s=96&d=mm&r=g","height":96,"width":96}},"publisher":{"@type":"Organization","name":"mirelina.cz","logo":{"@type":"ImageObject","@id":"\/logo.png","url":"\/logo.png","width":600,"height":60}},"image":{"@type":"ImageObject","@id":"https:\/\/www.mirelina.cz\/wp-content\/uploads\/heating-463904_960_720_1.jpg","url":"https:\/\/www.mirelina.cz\/wp-content\/uploads\/heating-463904_960_720_1.jpg","height":0,"width":0},"url":"https:\/\/www.mirelina.cz\/kvalitni-remeslnici\/","about":["Business"],"wordCount":436,"articleBody":"          Kone\u010dn\u011b jsem se u\u017e p\u0159est\u011bhovala do Ostravy. Dlouhou dobu jsem bydlela v Brn\u011b, ale m\u011bla se tam opravdu \u0161patn\u00e9 vzpom\u00ednky na sv\u00e9 dva b\u00fdval\u00e9 partnery. Jeden partner m\u011b docela fyzicky a psychicky t\u00fdral, tak jsem si \u0159ekla, \u017ee Brno u\u017e opust\u00edm na dobro. U\u017e i po prvn\u00edm zkrachoval\u00e9m vztahu jsem uva\u017eovala, \u017ee se p\u0159est\u011bhuji opravdu kone\u010dn\u011b z Brna, jenom\u017ee jsem si tam na\u0161la jinak nov\u00e9ho p\u0159\u00edtele, tak jsem v Brn\u011b z\u016fstala. A z\u016fstala jsem dokonce i ve stejn\u00e9m byt\u011b, kde jsem byla s b\u00fdval\u00fdm p\u0159\u00edtelem. V\u00edm, bylo to divn\u00e9, ale n\u011bjak mi to tak sed\u011blo, asi jsem byla l\u00edn\u00e1 se n\u011bjak jinak p\u0159est\u011bhovat s nov\u00fdm p\u0159\u00edtelem. A po \u010dty\u0159ech letech to dopadlo katastrof\u00e1ln\u011b i s druh\u00fdm vztahem. Tak\u017ee jsem byla r\u00e1da, \u017ee jsem se p\u0159est\u011bhoval do Ostravy. Sice jsem si tam pronajala takov\u00fd star\u0161\u00ed byt, ale byla jsem spokojen\u00e1. Tedy a\u017e do t\u00e9 doby, ne\u017e se mi rozbilo topen\u00ed. Byl listopad a j\u00e1 jsem m\u011bla rozbit\u00e9 topen\u00ed a v\u016fbec jsem nev\u011bd\u011bla, co m\u00e1m d\u011blat. Bylo ve\u010der u\u017e m\u00ednus pod nulou, tak\u017ee jsem si \u0159\u00edkala, asi zmrznu. A \u0159\u00edkala jsem si, \u017ee topen\u00e1\u0159i z Ostravy tady jist\u011b mus\u00ed b\u00fdt a mus\u00ed fungovat. Jinak asi zmrznu. Na internetu jsem hledala Ostravsk\u00e9 topen\u00e1\u0159e, kde jsem na\u0161la n\u011bkolik odkazu. A tak rychle jsem si vybrala n\u011bjak\u00e9ho topen\u00e1\u0159e z Ostravy a zavolala jsem tam. M\u011bla jsem \u0161t\u011bst\u00ed, \u017ee topen\u00e1\u0159 z Ostravy m\u011bl ihned druh\u00fd den r\u00e1no volno. Vzala jsem si v pr\u00e1ci tedy jeden den volno, abych \u010dekala topen\u00e1\u0159e z Ostravy. Byla jsem nad\u0161en\u00e1, kdy\u017e p\u0159i\u0161el u\u017e v dev\u011bt hodin r\u00e1no. na\u0161t\u011bst\u00ed v\u0161echno bylo b\u011bhem  http:\/\/tn.nova.cz\/clanek\/bitka-behem-8-oci-ku-vo-serve-jana-sokyni-pak-zfackuje-pritele.html dvou hodin hotov\u00e9 a j\u00e1 jsem si pak u\u017e\u00edvala tepl\u00ed\u010dka. Je\u0161t\u011b jsem m\u011bla sice chv\u00edli r\u00fdmu, ale za t\u0159i dny to p\u0159estalo a jsem r\u00e1da, \u017ee m\u00e1me \u0161ikovn\u00e9 topen\u00e1\u0159e z Ostravy. A jak\u00e9 m\u00e1te vy zku\u0161enosti s topen\u00e1\u0159i z Ostravy? Nebo s jak\u00fdmkoliv \u0159emesln\u00edkem. V\u011b\u0159te, \u017ee si mus\u00edme kvalitn\u00edch a profesion\u00e1ln\u00edch \u0159emesln\u00edk\u016f hodn\u011b v\u00e1\u017eit, proto\u017ee co bych my bez nich d\u011blali? J\u00e1 bych se bez nich tedy neobe\u0161la.                                                                                                                                                                                                                                                                                                                                                                                          5\/5 - (1 vote)        "},{"@context":"https:\/\/schema.org\/","@type":"BreadcrumbList","itemListElement":[{"@type":"ListItem","position":1,"name":"Kvalitn\u00ed \u0159emesln\u00edci","item":"https:\/\/www.mirelina.cz\/kvalitni-remeslnici\/#breadcrumbitem"}]}]