[{"@context":"https:\/\/schema.org\/","@type":"Article","@id":"https:\/\/www.mirelina.cz\/kam-speje-dnesni-spolecnost\/#Article","mainEntityOfPage":"https:\/\/www.mirelina.cz\/kam-speje-dnesni-spolecnost\/","headline":"Kam sp\u011bje dne\u0161n\u00ed spole\u010dnost","name":"Kam sp\u011bje dne\u0161n\u00ed spole\u010dnost","description":"Je pochopiteln\u00e9, \u017ee stejn\u011b jako v\u0161e ostatn\u00ed, i na\u0161e spole\u010dnost se v\u00a0podstat\u011b neust\u00e1le vyv\u00edj\u00ed. Sta\u010d\u00ed se jen pod\u00edvat, \u017ee vyzn\u00e1v\u00e1me zcela jin\u00e9 hodnoty, ne\u017e lid\u00e9 nap\u0159\u00edklad p\u0159ed sto lety, a co bylo tehdy b\u011b\u017en\u00e9, je dnes zvl\u00e1\u0161tn\u00ed, a naopak. Nelze se tedy divit, \u017ee mnoh\u00e9 lidi zaj\u00edm\u00e1, kam vlastn\u011b na\u0161e spole\u010dnost v\u016fbec sm\u011b\u0159uje. Posoudit to [&hellip;]","datePublished":"2023-12-31","dateModified":"2023-12-31","author":{"@type":"Person","@id":"https:\/\/www.mirelina.cz\/author\/devene\/#Person","name":"devene","url":"https:\/\/www.mirelina.cz\/author\/devene\/","identifier":1,"image":{"@type":"ImageObject","@id":"https:\/\/secure.gravatar.com\/avatar\/f08fec9e5d161146672022190172bcb121f980bd7a64f251ea643f4b19d0f071?s=96&d=mm&r=g","url":"https:\/\/secure.gravatar.com\/avatar\/f08fec9e5d161146672022190172bcb121f980bd7a64f251ea643f4b19d0f071?s=96&d=mm&r=g","height":96,"width":96}},"publisher":{"@type":"Organization","name":"mirelina.cz","logo":{"@type":"ImageObject","@id":"\/logo.png","url":"\/logo.png","width":600,"height":60}},"image":{"@type":"ImageObject","@id":"https:\/\/www.mirelina.cz\/wp-content\/uploads\/spolecnost4_6.jpg","url":"https:\/\/www.mirelina.cz\/wp-content\/uploads\/spolecnost4_6.jpg","height":0,"width":0},"url":"https:\/\/www.mirelina.cz\/kam-speje-dnesni-spolecnost\/","about":["Spole\u010dnost"],"wordCount":435,"articleBody":"Je pochopiteln\u00e9, \u017ee stejn\u011b jako v\u0161e ostatn\u00ed, i na\u0161e spole\u010dnost se v\u00a0podstat\u011b neust\u00e1le vyv\u00edj\u00ed. Sta\u010d\u00ed se jen pod\u00edvat, \u017ee vyzn\u00e1v\u00e1me zcela jin\u00e9 hodnoty, ne\u017e lid\u00e9 nap\u0159\u00edklad p\u0159ed sto lety, a co bylo tehdy b\u011b\u017en\u00e9, je dnes zvl\u00e1\u0161tn\u00ed, a naopak. Nelze se tedy divit, \u017ee mnoh\u00e9 lidi zaj\u00edm\u00e1, kam vlastn\u011b na\u0161e spole\u010dnost v\u016fbec sm\u011b\u0159uje. Posoudit to v\u0161ak nen\u00ed a\u017e tak jednoduch\u00e9.\u00a0\u00a0Roli zde toti\u017e hraje v\u00edce vliv\u016f, ne\u017e bychom si mohli myslet. Jsou to p\u0159edev\u0161\u00edm sociopolitick\u00e9 tlaky, kter\u00e9 n\u00e1s \u017eenou r\u016fzn\u00fdmi sm\u011bry. Je to proto, \u017ee rozli\u010dn\u00e9 politick\u00e9 strany a politici se sna\u017e\u00ed zaujmout odli\u0161nou sortu voli\u010d\u016f, a tak\u00e9 maj\u00ed r\u016fzn\u00e9 c\u00edle. A strany, kter\u00e9 se dostanou k\u00a0vl\u00e1d\u011b, pak podle toho ur\u010duj\u00ed sm\u011b\u0159ov\u00e1n\u00ed spole\u010dnosti. Ov\u0161em jeliko\u017e strany se m\u011bn\u00ed prakticky po ka\u017ed\u00e9 volb\u011b, a nav\u00edc je v\u017edy ve h\u0159e opozice, nen\u00ed situace nikdy hned tak jasn\u00e9, jak by se mohlo zd\u00e1t.\u00a0D\u00e1le jsou zde tak\u00e9 celosv\u011btov\u00e9 ud\u00e1losti, jako nap\u0159\u00edklad pandemie covidu nebo sou\u010dasn\u00e1 v\u00e1lka na Ukrajin\u011b. Zde v\u0161ak z\u00e1le\u017e\u00ed na tom, jak tyto ud\u00e1losti podaj\u00ed m\u00e9dia. A zde pak z\u00e1le\u017e\u00ed na tom, kdo je vlastn\u00ed a jak\u00e9 m\u00e1 c\u00edle. Jist\u011b, u soukrom\u00fdch stanic nejde v\u011bt\u0161inou o to ovliv\u0148ovat n\u011bjak n\u00e1ladu ve spole\u010dnosti, n\u00fdbr\u017e o to z\u00edskat co nejv\u00edce div\u00e1k\u016f. Proto je pod\u00e1vaj\u00ed co nejv\u00edce bombasticky \u2013 jen tak toti\u017e maj\u00ed \u0161anci zaujmout. To, \u017ee t\u00edm ovliv\u0148uj\u00ed i sm\u011b\u0159ov\u00e1n\u00ed spole\u010dnosti, je ji\u017e p\u0159\u00edli\u0161 nezaj\u00edm\u00e1.\u00a0\u00a0Kam tedy dnes sm\u011b\u0159ujeme? V\u00a0r\u016fzn\u00fdch zem\u00edch se to samoz\u0159ejm\u011b li\u0161\u00ed, av\u0161ak v\u0161eobecn\u00fd trend je prozat\u00edm v\u011bt\u0161\u00ed tolerance a uzn\u00e1v\u00e1n\u00ed pr\u00e1v men\u0161in. Jist\u011b, mnoz\u00ed lid\u00e9 dnes proti tomu protestuj\u00ed, a dokonce i n\u011bkter\u00e9 vl\u00e1dy. Zd\u00e1 se v\u0161ak, \u017ee je to trend, kter\u00fd sou\u010dasn\u00e1 spole\u010dnost sleduje.\u00a0Je v\u0161ak t\u0159eba m\u00edt na pam\u011bti, \u017ee to v\u0161e m\u016f\u017ee b\u00fdt pouze do\u010dasn\u00e9. Nikdy nem\u016f\u017eeme v\u011bd\u011bt, zda jej n\u011bjak\u00e1 sv\u011btov\u00e1 ud\u00e1lost nezm\u011bn\u00ed. P\u0159\u00edkladem mohou b\u00fdt i nadch\u00e1zej\u00edc\u00ed prezidentsk\u00e9 volby v\u00a0USA. I ty toti\u017e budou m\u00edt vliv na celosv\u011btov\u00e9 d\u011bn\u00ed. Je tedy jasn\u00e9, \u017ee v\u00fdvoj spole\u010dnosti nen\u00ed prakticky nikdy jist\u00fd.                                                                                                                                                                                                                                                                                                                                                                                        3.7\/5 - (4 votes)        "},{"@context":"https:\/\/schema.org\/","@type":"BreadcrumbList","itemListElement":[{"@type":"ListItem","position":1,"name":"Kam sp\u011bje dne\u0161n\u00ed spole\u010dnost","item":"https:\/\/www.mirelina.cz\/kam-speje-dnesni-spolecnost\/#breadcrumbitem"}]}]