[{"@context":"https:\/\/schema.org\/","@type":"Article","@id":"https:\/\/www.mirelina.cz\/i-bydleni-muze-byt-cenove-zajimave\/#Article","mainEntityOfPage":"https:\/\/www.mirelina.cz\/i-bydleni-muze-byt-cenove-zajimave\/","headline":"I bydlen\u00ed m\u016f\u017ee b\u00fdt cenov\u011b zaj\u00edmav\u00e9","name":"I bydlen\u00ed m\u016f\u017ee b\u00fdt cenov\u011b zaj\u00edmav\u00e9","description":"Nen\u00ed p\u0159\u00edli\u0161 slo\u017eit\u00e9 naj\u00edt d\u016fvod, pro\u010d by v\u011bt\u0161inov\u00e1 spole\u010dnost rad\u011bji \u017eila ve sv\u00e9m byt\u011b ne\u017e v tom pronajat\u00e9m. Jednak zde existuje ekonomick\u00fd aspekt. Pron\u00e1jem je v kone\u010dn\u00e9m d\u016fsledku v\u017edy dra\u017e\u0161\u00ed, i kdy\u017e dnes to tak u\u017e \u00fapln\u011b neplat\u00ed. Z\u00e1sadn\u00ed je v\u0161ak jistota. Majitele vlastn\u00edch obytn\u00fdch nemovitost\u00ed nemus\u00ed p\u0159em\u00fd\u0161let nad t\u00edm, jestli zvl\u00e1dnou zaplatit p\u0159\u00ed\u0161t\u00ed m\u011bs\u00edc [&hellip;]","datePublished":"2022-10-09","dateModified":"2023-05-01","author":{"@type":"Person","@id":"https:\/\/www.mirelina.cz\/author\/devene\/#Person","name":"devene","url":"https:\/\/www.mirelina.cz\/author\/devene\/","identifier":1,"image":{"@type":"ImageObject","@id":"https:\/\/secure.gravatar.com\/avatar\/f08fec9e5d161146672022190172bcb121f980bd7a64f251ea643f4b19d0f071?s=96&d=mm&r=g","url":"https:\/\/secure.gravatar.com\/avatar\/f08fec9e5d161146672022190172bcb121f980bd7a64f251ea643f4b19d0f071?s=96&d=mm&r=g","height":96,"width":96}},"publisher":{"@type":"Organization","name":"mirelina.cz","logo":{"@type":"ImageObject","@id":"\/logo.png","url":"\/logo.png","width":600,"height":60}},"image":{"@type":"ImageObject","@id":"https:\/\/www.mirelina.cz\/wp-content\/uploads\/Pen%C3%ADze%20a%20d%C5%AFm.jpg","url":"https:\/\/www.mirelina.cz\/wp-content\/uploads\/Pen%C3%ADze%20a%20d%C5%AFm.jpg","height":0,"width":0},"url":"https:\/\/www.mirelina.cz\/i-bydleni-muze-byt-cenove-zajimave\/","video":{"@context":"http:\/\/schema.org\/","@type":"VideoObject","@id":"https:\/\/www.youtube.com\/watch?v=YWqetUYMBW0#VideoObject","contentUrl":"https:\/\/www.youtube.com\/watch?v=YWqetUYMBW0","name":"Mobiln\u00ed d\u016fm 12x5m  na kl\u00ed\u010d","description":"","thumbnailUrl":["https:\/\/i.ytimg.com\/vi\/YWqetUYMBW0\/default.jpg","https:\/\/i.ytimg.com\/vi\/YWqetUYMBW0\/mqdefault.jpg","https:\/\/i.ytimg.com\/vi\/YWqetUYMBW0\/hqdefault.jpg","https:\/\/i.ytimg.com\/vi\/YWqetUYMBW0\/sddefault.jpg","https:\/\/i.ytimg.com\/vi\/YWqetUYMBW0\/maxresdefault.jpg"],"uploadDate":"2022-09-09T19:56:31+00:00","duration":"PT4M30S","embedUrl":"https:\/\/www.youtube.com\/embed\/YWqetUYMBW0","publisher":{"@type":"Organization","@id":"https:\/\/www.youtube.com\/channel\/UCQa93w6B_Z7n4-R-GXOxKVg#Organization","url":"https:\/\/www.youtube.com\/channel\/UCQa93w6B_Z7n4-R-GXOxKVg","name":"STACHHOME | Modulov\u00e9 a mobiln\u00ed domy","description":"Vyr\u00e1b\u00edme modulov\u00e9 a mobiln\u00ed domy na kl\u00ed\u010d. Domy m\u00e1me skladem s mo\u017enost\u00ed prohl\u00eddky. Katalog na\u0161ich dom\u016f najdete na na\u0161em webu.","logo":{"url":"https:\/\/yt3.ggpht.com\/d6Lo_q_NqFf5__sFsi4qWUHf-olWburrKar4l6SBj4FPbwJaEPbpJ0V92xnMfxrDfQDv8FY51So=s800-c-k-c0x00ffffff-no-rj","width":800,"height":800,"@type":"ImageObject","@id":"https:\/\/www.youtube.com\/watch?v=YWqetUYMBW0#VideoObject_publisher_logo_ImageObject"}},"potentialAction":{"@type":"SeekToAction","@id":"https:\/\/www.youtube.com\/watch?v=YWqetUYMBW0#VideoObject_potentialAction","target":"https:\/\/www.youtube.com\/watch?v=YWqetUYMBW0&t={seek_to_second_number}","startOffset-input":"required name=seek_to_second_number"},"interactionStatistic":[[{"@type":"InteractionCounter","@id":"https:\/\/www.youtube.com\/watch?v=YWqetUYMBW0#VideoObject_interactionStatistic_WatchAction","interactionType":{"@type":"WatchAction"},"userInteractionCount":36530}],{"@type":"InteractionCounter","@id":"https:\/\/www.youtube.com\/watch?v=YWqetUYMBW0#VideoObject_interactionStatistic_LikeAction","interactionType":{"@type":"LikeAction"},"userInteractionCount":230}]},"about":["Bydlen\u00ed"],"wordCount":416,"articleBody":"   Nen\u00ed p\u0159\u00edli\u0161 slo\u017eit\u00e9 naj\u00edt d\u016fvod, pro\u010d by v\u011bt\u0161inov\u00e1 spole\u010dnost rad\u011bji \u017eila ve sv\u00e9m byt\u011b ne\u017e v tom pronajat\u00e9m. Jednak zde existuje ekonomick\u00fd aspekt. Pron\u00e1jem je v kone\u010dn\u00e9m d\u016fsledku v\u017edy dra\u017e\u0161\u00ed, i kdy\u017e dnes to tak u\u017e \u00fapln\u011b neplat\u00ed. Z\u00e1sadn\u00ed je v\u0161ak jistota. Majitele vlastn\u00edch obytn\u00fdch nemovitost\u00ed nemus\u00ed p\u0159em\u00fd\u0161let nad t\u00edm, jestli zvl\u00e1dnou zaplatit p\u0159\u00ed\u0161t\u00ed m\u011bs\u00edc n\u00e1jem. Pokud je u\u017e byt jejich, tedy zcela zaplacen\u00fd, je jen velmi slo\u017eit\u00e9 je z n\u011bj vystrnadit. Jistota je tedy t\u00edm hlavn\u00edm \u010dinitelem, co lidi poh\u00e1n\u00ed k tomu, aby si zajistili svou vlastn\u00ed st\u0159echu nad hlavou. Ov\u0161em m\u00e1 to h\u00e1\u010dek. Byt\u016f je m\u00e1lo a jsou extr\u00e9mn\u011b drah\u00e9.Ani v takov\u00e9m p\u0159\u00edpad\u011b ov\u0161em nen\u00ed pot\u0159eba se tr\u00e1pit, jeliko\u017e bydlen\u00ed m\u016f\u017ee m\u00edt celou \u0159adu podob. N\u011bkter\u00e1 jsou drah\u00e1, jin\u00e1 se v\u0161ak daj\u00ed po\u0159\u00eddit za pom\u011brn\u011b p\u0159\u00edjemn\u00e9 pen\u00edze. Dobr\u00fdm p\u0159\u00edkladem za v\u0161echny jsou modern\u00ed mobiln\u00ed domy levn\u011b nov\u00e9 generace. Kvalita za rozumn\u00e9 pen\u00edzeBylo by samoz\u0159ejm\u011b bl\u00e1hov\u00e9 napsat, \u017ee mobiln\u00ed domy jsou stejn\u011b komfortn\u00ed jako t\u0159eba dvoupokojov\u00e9 byty. Nejsou a ani nemohou b\u00fdt. D\u016fvodem jsou hlavn\u011b rozm\u011bry, kter\u00e9 prost\u011b v tomto p\u0159\u00edpad\u011b mus\u00ed b\u00fdt z\u00e1konit\u011b men\u0161\u00ed. Domky na kolech prost\u011b mus\u00ed b\u00fdt n\u011bjak p\u0159emis\u0165ov\u00e1ny a aby se ve\u0161ly na silnice, je pot\u0159eba, aby disponovali ur\u010dit\u00fdmi rozm\u011bry. I proto se nejedn\u00e1 o obydl\u00ed vhodn\u00e9 pro rodiny o v\u00edce d\u011btech. Leda, \u017ee by se dva domky spojily v jeden. Ov\u0161em v takov\u00e9m p\u0159\u00edpad\u011b by u\u017e ne\u0161lo o tak dobrou investici. Zkr\u00e1tka a dob\u0159e, kdo chce \u017e\u00edt jen v p\u00e1ru, p\u0159\u00edpadn\u011b s jedn\u00edm d\u00edt\u011btem, toto je mo\u017enost. Ostatn\u00ed by se m\u011bli poohl\u00e9dnout po n\u011b\u010dem jin\u00e9m.Ni\u017e\u0161\u00ed verze k podnik\u00e1n\u00edExistuje hned n\u011bkolik kvalitativn\u00edch verz\u00ed mobiln\u00edch dom\u016f. Ty nejlep\u0161\u00ed se z logiky v\u011bci pou\u017e\u00edvaj\u00ed k bydlen\u00ed, zat\u00edmco ty hor\u0161\u00ed pak \u010dasto slou\u017e\u00ed k podnik\u00e1n\u00ed. Standardn\u011b se vyu\u017e\u00edvaj\u00ed nejen jako mal\u00e9 obch\u016fdky, ale mohou dob\u0159e poslou\u017eit t\u0159eba jako kade\u0159nictv\u00ed. Samoz\u0159ejm\u011b hodn\u011b z\u00e1le\u017e\u00ed na pot\u0159eb\u00e1ch konkr\u00e9tn\u00edho podnikatele.                                                                                                                                                                                                                                                                                                                                                                                          4\/5 - (3 votes)        "},{"@context":"https:\/\/schema.org\/","@type":"BreadcrumbList","itemListElement":[{"@type":"ListItem","position":1,"name":"I bydlen\u00ed m\u016f\u017ee b\u00fdt cenov\u011b zaj\u00edmav\u00e9","item":"https:\/\/www.mirelina.cz\/i-bydleni-muze-byt-cenove-zajimave\/#breadcrumbitem"}]}]