[{"@context":"https:\/\/schema.org\/","@type":"Article","@id":"https:\/\/www.mirelina.cz\/darky-k-vanocum-pro-nadsene-cyklisty\/#Article","mainEntityOfPage":"https:\/\/www.mirelina.cz\/darky-k-vanocum-pro-nadsene-cyklisty\/","headline":"D\u00e1rky k V\u00e1noc\u016fm pro nad\u0161en\u00e9 cyklisty","name":"D\u00e1rky k V\u00e1noc\u016fm pro nad\u0161en\u00e9 cyklisty","description":"Cyklistika je v \u010cesk\u00e9 republice velmi obl\u00edben\u00fd sport. D\u00edky kr\u00e1sn\u00e9 p\u0159\u00edrod\u011b, kterou zde m\u00e1me a hust\u00e9 s\u00edti cyklotras a cyklostezek, m\u016f\u017ee tento sport provozovat t\u00e9m\u011b\u0159 ka\u017ed\u00fd a ze sedla obdivovat kr\u00e1sy na\u0161\u00ed zem\u011b. Pokud takov\u00fdm lidem sh\u00e1n\u00edte d\u00e1rky pod strome\u010dek, pod\u00edvejme se na n\u011bkter\u00e9 tipy, co hezk\u00e9ho jim m\u016f\u017eete po\u0159\u00eddit. Oble\u010den\u00ed Na kolo nejl\u00e9pe v [&hellip;]","datePublished":"2022-09-13","dateModified":"2023-05-01","author":{"@type":"Person","@id":"https:\/\/www.mirelina.cz\/author\/devene\/#Person","name":"devene","url":"https:\/\/www.mirelina.cz\/author\/devene\/","identifier":1,"image":{"@type":"ImageObject","@id":"https:\/\/secure.gravatar.com\/avatar\/f08fec9e5d161146672022190172bcb121f980bd7a64f251ea643f4b19d0f071?s=96&d=mm&r=g","url":"https:\/\/secure.gravatar.com\/avatar\/f08fec9e5d161146672022190172bcb121f980bd7a64f251ea643f4b19d0f071?s=96&d=mm&r=g","height":96,"width":96}},"publisher":{"@type":"Organization","name":"mirelina.cz","logo":{"@type":"ImageObject","@id":"\/logo.png","url":"\/logo.png","width":600,"height":60}},"image":{"@type":"ImageObject","@id":"https:\/\/www.mirelina.cz\/wp-content\/uploads\/pexels-markus-spiske-13799114.jpg","url":"https:\/\/www.mirelina.cz\/wp-content\/uploads\/pexels-markus-spiske-13799114.jpg","height":0,"width":0},"url":"https:\/\/www.mirelina.cz\/darky-k-vanocum-pro-nadsene-cyklisty\/","about":["Produkty"],"wordCount":426,"articleBody":"       Cyklistika je v \u010cesk\u00e9 republice velmi obl\u00edben\u00fd sport. D\u00edky kr\u00e1sn\u00e9 p\u0159\u00edrod\u011b, kterou zde m\u00e1me a hust\u00e9 s\u00edti cyklotras a cyklostezek, m\u016f\u017ee tento sport provozovat t\u00e9m\u011b\u0159 ka\u017ed\u00fd a ze sedla obdivovat kr\u00e1sy na\u0161\u00ed zem\u011b.Pokud takov\u00fdm lidem sh\u00e1n\u00edte d\u00e1rky pod strome\u010dek, pod\u00edvejme se na n\u011bkter\u00e9 tipy, co hezk\u00e9ho jim m\u016f\u017eete po\u0159\u00eddit.Oble\u010den\u00edNa kolo nejl\u00e9pe v prav\u00e9m cyklistick\u00e9m oble\u010den\u00ed. Pokud n\u011bkdo vyr\u00e1\u017e\u00ed jezdit jen velmi sporadicky, pravd\u011bpodobn\u011b doma popadne n\u011bjak\u00e9 pohodln\u00e9 kalhoty, tri\u010dko, tenisky a vyraz\u00ed. Ale cyklisti, kte\u0159\u00ed jezd\u00ed pravideln\u011b, v\u011bd\u00ed, \u017ee nejl\u00e9pe se jezd\u00ed v oble\u010den\u00ed, kter\u00e9 je p\u0159\u00edmo pro tento sport ur\u010den\u00e9. Pokud m\u00e1te odhad na velikost sv\u00e9ho bl\u00edzk\u00e9ho, m\u016f\u017eete mu zakoupit dres, kalhoty nebo t\u0159eba \u0161ortky na kolo. Nyn\u00ed se\u017eenete spoustu oble\u010den\u00ed i s hezkou slevou, nap\u0159\u00edklad zna\u010dka Silvini v\u00fdprodej po\u0159\u00e1d\u00e1 pr\u00e1v\u011b te\u010f. Pokud se neodva\u017eujete koupit n\u011bco z d\u016fvodu velikosti, zakupte sv\u00fdm bl\u00edzk\u00fdm poukaz do obchodu, kde si mohou takov\u00e9 oble\u010den\u00ed vybrat sami.BatohNa del\u0161\u00ed trasy u\u017e cyklisti mus\u00ed m\u00edt s sebou n\u011bjak\u00e9 ty v\u011bci. Mobil, kl\u00ed\u010de, n\u011bco mal\u00e9ho k sn\u011bdku, pl\u00e1\u0161t\u011bnku nebo t\u0159eba malou l\u00e9k\u00e1rni\u010dku. Z\u00e1le\u017e\u00ed na tom, jak dlouhou trasu pl\u00e1nuj\u00ed. Ur\u010dit\u011b tedy ocen\u00ed n\u011bco, do \u010deho si mohou tyto v\u011bci v pr\u016fb\u011bhu j\u00edzdy naskl\u00e1dat. Pokud jezd\u00ed sp\u00ed\u0161e krat\u0161\u00ed trasy, m\u016f\u017eete jim po\u0159\u00eddit ledvinku nebo mal\u00fd vak. Na del\u0161\u00ed trasy u\u017e se hod\u00ed cyklistick\u00fd batoh.CyklokosmetikuCyklisti se nestaraj\u00ed jen o sebe, ale samoz\u0159ejm\u011b i o sv\u00e9 kolo. Pro milovn\u00edky sv\u00fdch dvoukol\u00fdch mil\u00e1\u010dk\u016f m\u016f\u017eete po\u0159\u00eddit n\u011bco z cyklokosmetiky, p\u0159\u00edpadn\u011b d\u00e1rkovou sadu, kterou v obdob\u00ed p\u0159ed V\u00e1noci ur\u010dit\u011b se\u017eenete. Do cyklokosmetiky \u0159ad\u00edme \u010disti\u010de, r\u016fzn\u00e9 kart\u00e1\u010de, le\u0161tidla \u010di speci\u00e1ln\u00ed had\u0159\u00edky na \u00fadr\u017ebu.L\u00e1hev na pit\u00edPitn\u00fd re\u017eim nen\u00ed nikdy d\u016fle\u017eit\u011bj\u0161\u00ed, ne\u017e kdy\u017e se \u010dlov\u011bk pot\u00ed u n\u011bjak\u00e9ho sportu. Proto si cyklisti berou l\u00e1hve s pit\u00edm v\u017edy sebou. Ud\u011blejte jim radost novou lahv\u00ed, t\u0159eba v jejich obl\u00edben\u00fdch  https:\/\/napoveda.seznam.cz\/cz\/aplikace\/aplikace-seznam\/seznamcz-pro-pc\/prohlizec-seznam-oblibene-stranky-pc\/ barv\u00e1ch nebo se speci\u00e1ln\u00edm designem.                                                                                                                                                                                                                                                                                                                                                                                          3.9\/5 - (8 votes)        "},{"@context":"https:\/\/schema.org\/","@type":"BreadcrumbList","itemListElement":[{"@type":"ListItem","position":1,"name":"D\u00e1rky k V\u00e1noc\u016fm pro nad\u0161en\u00e9 cyklisty","item":"https:\/\/www.mirelina.cz\/darky-k-vanocum-pro-nadsene-cyklisty\/#breadcrumbitem"}]}]