[{"@context":"https:\/\/schema.org\/","@type":"Blog","@id":"https:\/\/www.mirelina.cz#Blog","headline":"Mirelina","description":"\nPokud jste m\u011bli v\u017edycky pen\u011bz dost, mo\u017en\u00e1 ani netu\u0161\u00edte, jak se \u017eije chud\u00fdm lidem. Ale zkuste si jejich osud p\u0159edstavit. Jednou to m\u016f\u017ee potkat i v\u00e1s.","url":"https:\/\/www.mirelina.cz","hasPart":[{"@type":"Article","@id":"https:\/\/www.mirelina.cz\/vysoka-kvalita-obleceni\/","headline":"Vysok\u00e1 kvalita oble\u010den\u00ed","url":"https:\/\/www.mirelina.cz\/vysoka-kvalita-obleceni\/","datePublished":"2025-08-26","dateModified":"2025-08-26","mainEntityOfPage":"https:\/\/www.mirelina.cz\/vysoka-kvalita-obleceni\/","author":{"@type":"Person","@id":"https:\/\/www.mirelina.cz\/author\/devene\/#Person","name":"devene","url":"https:\/\/www.mirelina.cz\/author\/devene\/","identifier":1,"image":{"@type":"ImageObject","@id":"https:\/\/secure.gravatar.com\/avatar\/f08fec9e5d161146672022190172bcb121f980bd7a64f251ea643f4b19d0f071?s=96&d=mm&r=g","url":"https:\/\/secure.gravatar.com\/avatar\/f08fec9e5d161146672022190172bcb121f980bd7a64f251ea643f4b19d0f071?s=96&d=mm&r=g","height":96,"width":96}},"publisher":{"@type":"Organization","name":"mirelina.cz","logo":{"@type":"ImageObject","@id":"\/logo.png","url":"\/logo.png","width":600,"height":60}},"image":{"@type":"ImageObject","@id":"https:\/\/www.mirelina.cz\/wp-content\/uploads\/kalhoty%20na%20ly%C5%BEov%C3%A1n%C3%AD.jpg","url":"https:\/\/www.mirelina.cz\/wp-content\/uploads\/kalhoty%20na%20ly%C5%BEov%C3%A1n%C3%AD.jpg","height":0,"width":0},"wordCount":555,"keywords":null},{"@type":"Article","@id":"https:\/\/www.mirelina.cz\/registrace-do-katalogu\/","headline":"Registrace do katalog\u016f","url":"https:\/\/www.mirelina.cz\/registrace-do-katalogu\/","datePublished":"2025-04-21","dateModified":"2025-04-21","mainEntityOfPage":"https:\/\/www.mirelina.cz\/registrace-do-katalogu\/","author":{"@type":"Person","@id":"https:\/\/www.mirelina.cz\/author\/devene\/#Person","name":"devene","url":"https:\/\/www.mirelina.cz\/author\/devene\/","identifier":1,"image":{"@type":"ImageObject","@id":"https:\/\/secure.gravatar.com\/avatar\/f08fec9e5d161146672022190172bcb121f980bd7a64f251ea643f4b19d0f071?s=96&d=mm&r=g","url":"https:\/\/secure.gravatar.com\/avatar\/f08fec9e5d161146672022190172bcb121f980bd7a64f251ea643f4b19d0f071?s=96&d=mm&r=g","height":96,"width":96}},"publisher":{"@type":"Organization","name":"mirelina.cz","logo":{"@type":"ImageObject","@id":"\/logo.png","url":"\/logo.png","width":600,"height":60}},"image":null,"wordCount":229,"keywords":null},{"@type":"Article","@id":"https:\/\/www.mirelina.cz\/hadej-hadej-hadaci\/","headline":"H\u00e1dej, h\u00e1dej, hada\u010di","url":"https:\/\/www.mirelina.cz\/hadej-hadej-hadaci\/","datePublished":"2025-04-15","dateModified":"2025-04-15","mainEntityOfPage":"https:\/\/www.mirelina.cz\/hadej-hadej-hadaci\/","author":{"@type":"Person","@id":"https:\/\/www.mirelina.cz\/author\/devene\/#Person","name":"devene","url":"https:\/\/www.mirelina.cz\/author\/devene\/","identifier":1,"image":{"@type":"ImageObject","@id":"https:\/\/secure.gravatar.com\/avatar\/f08fec9e5d161146672022190172bcb121f980bd7a64f251ea643f4b19d0f071?s=96&d=mm&r=g","url":"https:\/\/secure.gravatar.com\/avatar\/f08fec9e5d161146672022190172bcb121f980bd7a64f251ea643f4b19d0f071?s=96&d=mm&r=g","height":96,"width":96}},"publisher":{"@type":"Organization","name":"mirelina.cz","logo":{"@type":"ImageObject","@id":"\/logo.png","url":"\/logo.png","width":600,"height":60}},"image":null,"wordCount":201,"keywords":null},{"@type":"Article","@id":"https:\/\/www.mirelina.cz\/lozni-pradlo\/","headline":"Lo\u017en\u00ed pr\u00e1dlo","url":"https:\/\/www.mirelina.cz\/lozni-pradlo\/","datePublished":"2025-04-09","dateModified":"2025-04-09","mainEntityOfPage":"https:\/\/www.mirelina.cz\/lozni-pradlo\/","author":{"@type":"Person","@id":"https:\/\/www.mirelina.cz\/author\/devene\/#Person","name":"devene","url":"https:\/\/www.mirelina.cz\/author\/devene\/","identifier":1,"image":{"@type":"ImageObject","@id":"https:\/\/secure.gravatar.com\/avatar\/f08fec9e5d161146672022190172bcb121f980bd7a64f251ea643f4b19d0f071?s=96&d=mm&r=g","url":"https:\/\/secure.gravatar.com\/avatar\/f08fec9e5d161146672022190172bcb121f980bd7a64f251ea643f4b19d0f071?s=96&d=mm&r=g","height":96,"width":96}},"publisher":{"@type":"Organization","name":"mirelina.cz","logo":{"@type":"ImageObject","@id":"\/logo.png","url":"\/logo.png","width":600,"height":60}},"image":null,"wordCount":237,"keywords":null},{"@type":"Article","@id":"https:\/\/www.mirelina.cz\/virtualni-kancelar\/","headline":"Virtu\u00e1ln\u00ed kancel\u00e1\u0159","url":"https:\/\/www.mirelina.cz\/virtualni-kancelar\/","datePublished":"2025-03-31","dateModified":"2025-03-31","mainEntityOfPage":"https:\/\/www.mirelina.cz\/virtualni-kancelar\/","author":{"@type":"Person","@id":"https:\/\/www.mirelina.cz\/author\/devene\/#Person","name":"devene","url":"https:\/\/www.mirelina.cz\/author\/devene\/","identifier":1,"image":{"@type":"ImageObject","@id":"https:\/\/secure.gravatar.com\/avatar\/f08fec9e5d161146672022190172bcb121f980bd7a64f251ea643f4b19d0f071?s=96&d=mm&r=g","url":"https:\/\/secure.gravatar.com\/avatar\/f08fec9e5d161146672022190172bcb121f980bd7a64f251ea643f4b19d0f071?s=96&d=mm&r=g","height":96,"width":96}},"publisher":{"@type":"Organization","name":"mirelina.cz","logo":{"@type":"ImageObject","@id":"\/logo.png","url":"\/logo.png","width":600,"height":60}},"image":null,"wordCount":230,"keywords":null},{"@type":"Article","@id":"https:\/\/www.mirelina.cz\/moderni-krasa-kterou-muzete-mit-vsichni\/","headline":"Modern\u00ed kr\u00e1sa, kterou m\u016f\u017eete m\u00edt v\u0161ichni","url":"https:\/\/www.mirelina.cz\/moderni-krasa-kterou-muzete-mit-vsichni\/","datePublished":"2025-03-21","dateModified":"2025-03-21","mainEntityOfPage":"https:\/\/www.mirelina.cz\/moderni-krasa-kterou-muzete-mit-vsichni\/","author":{"@type":"Person","@id":"https:\/\/www.mirelina.cz\/author\/devene\/#Person","name":"devene","url":"https:\/\/www.mirelina.cz\/author\/devene\/","identifier":1,"image":{"@type":"ImageObject","@id":"https:\/\/secure.gravatar.com\/avatar\/f08fec9e5d161146672022190172bcb121f980bd7a64f251ea643f4b19d0f071?s=96&d=mm&r=g","url":"https:\/\/secure.gravatar.com\/avatar\/f08fec9e5d161146672022190172bcb121f980bd7a64f251ea643f4b19d0f071?s=96&d=mm&r=g","height":96,"width":96}},"publisher":{"@type":"Organization","name":"mirelina.cz","logo":{"@type":"ImageObject","@id":"\/logo.png","url":"\/logo.png","width":600,"height":60}},"image":null,"wordCount":208,"keywords":null},{"@type":"Article","@id":"https:\/\/www.mirelina.cz\/kdyz-na-vodu-s-mobilem-tak-ve-specialnim-pouzdre\/","headline":"Kdy\u017e na vodu s mobilem, tak ve speci\u00e1ln\u00edm pouzd\u0159e","url":"https:\/\/www.mirelina.cz\/kdyz-na-vodu-s-mobilem-tak-ve-specialnim-pouzdre\/","datePublished":"2025-03-17","dateModified":"2025-03-17","mainEntityOfPage":"https:\/\/www.mirelina.cz\/kdyz-na-vodu-s-mobilem-tak-ve-specialnim-pouzdre\/","author":{"@type":"Person","@id":"https:\/\/www.mirelina.cz\/author\/devene\/#Person","name":"devene","url":"https:\/\/www.mirelina.cz\/author\/devene\/","identifier":1,"image":{"@type":"ImageObject","@id":"https:\/\/secure.gravatar.com\/avatar\/f08fec9e5d161146672022190172bcb121f980bd7a64f251ea643f4b19d0f071?s=96&d=mm&r=g","url":"https:\/\/secure.gravatar.com\/avatar\/f08fec9e5d161146672022190172bcb121f980bd7a64f251ea643f4b19d0f071?s=96&d=mm&r=g","height":96,"width":96}},"publisher":{"@type":"Organization","name":"mirelina.cz","logo":{"@type":"ImageObject","@id":"\/logo.png","url":"\/logo.png","width":600,"height":60}},"image":{"@type":"ImageObject","@id":"https:\/\/www.mirelina.cz\/wp-content\/uploads\/paddle-758661_640.jpg","url":"https:\/\/www.mirelina.cz\/wp-content\/uploads\/paddle-758661_640.jpg","height":0,"width":0},"wordCount":486,"keywords":null},{"@type":"Article","@id":"https:\/\/www.mirelina.cz\/seznamte-se-s-nasimi-cenami-za-vypracovani-penb\/","headline":"Seznamte se s\u00a0na\u0161imi cenami za vypracov\u00e1n\u00ed PENB","url":"https:\/\/www.mirelina.cz\/seznamte-se-s-nasimi-cenami-za-vypracovani-penb\/","datePublished":"2025-03-12","dateModified":"2025-03-12","mainEntityOfPage":"https:\/\/www.mirelina.cz\/seznamte-se-s-nasimi-cenami-za-vypracovani-penb\/","author":{"@type":"Person","@id":"https:\/\/www.mirelina.cz\/author\/devene\/#Person","name":"devene","url":"https:\/\/www.mirelina.cz\/author\/devene\/","identifier":1,"image":{"@type":"ImageObject","@id":"https:\/\/secure.gravatar.com\/avatar\/f08fec9e5d161146672022190172bcb121f980bd7a64f251ea643f4b19d0f071?s=96&d=mm&r=g","url":"https:\/\/secure.gravatar.com\/avatar\/f08fec9e5d161146672022190172bcb121f980bd7a64f251ea643f4b19d0f071?s=96&d=mm&r=g","height":96,"width":96}},"publisher":{"@type":"Organization","name":"mirelina.cz","logo":{"@type":"ImageObject","@id":"\/logo.png","url":"\/logo.png","width":600,"height":60}},"image":null,"wordCount":211,"keywords":null},{"@type":"Article","@id":"https:\/\/www.mirelina.cz\/pomuzeme-s-diplomkou-nejen-v-ceskem-jazyce\/","headline":"Pom\u016f\u017eeme s diplomkou nejen v \u010desk\u00e9m jazyce","url":"https:\/\/www.mirelina.cz\/pomuzeme-s-diplomkou-nejen-v-ceskem-jazyce\/","datePublished":"2025-03-10","dateModified":"2025-03-10","mainEntityOfPage":"https:\/\/www.mirelina.cz\/pomuzeme-s-diplomkou-nejen-v-ceskem-jazyce\/","author":{"@type":"Person","@id":"https:\/\/www.mirelina.cz\/author\/devene\/#Person","name":"devene","url":"https:\/\/www.mirelina.cz\/author\/devene\/","identifier":1,"image":{"@type":"ImageObject","@id":"https:\/\/secure.gravatar.com\/avatar\/f08fec9e5d161146672022190172bcb121f980bd7a64f251ea643f4b19d0f071?s=96&d=mm&r=g","url":"https:\/\/secure.gravatar.com\/avatar\/f08fec9e5d161146672022190172bcb121f980bd7a64f251ea643f4b19d0f071?s=96&d=mm&r=g","height":96,"width":96}},"publisher":{"@type":"Organization","name":"mirelina.cz","logo":{"@type":"ImageObject","@id":"\/logo.png","url":"\/logo.png","width":600,"height":60}},"image":{"@type":"ImageObject","@id":"https:\/\/www.mirelina.cz\/wp-content\/uploads\/diplomova_prace_k40Z2n.jpg","url":"https:\/\/www.mirelina.cz\/wp-content\/uploads\/diplomova_prace_k40Z2n.jpg","height":0,"width":0},"wordCount":731,"keywords":null},{"@type":"Article","@id":"https:\/\/www.mirelina.cz\/zivot-jak-jste-ho-dosud-nepoznali\/","headline":"\u017divot, jak jste ho dosud nepoznali","url":"https:\/\/www.mirelina.cz\/zivot-jak-jste-ho-dosud-nepoznali\/","datePublished":"2025-03-07","dateModified":"2025-03-07","mainEntityOfPage":"https:\/\/www.mirelina.cz\/zivot-jak-jste-ho-dosud-nepoznali\/","author":{"@type":"Person","@id":"https:\/\/www.mirelina.cz\/author\/devene\/#Person","name":"devene","url":"https:\/\/www.mirelina.cz\/author\/devene\/","identifier":1,"image":{"@type":"ImageObject","@id":"https:\/\/secure.gravatar.com\/avatar\/f08fec9e5d161146672022190172bcb121f980bd7a64f251ea643f4b19d0f071?s=96&d=mm&r=g","url":"https:\/\/secure.gravatar.com\/avatar\/f08fec9e5d161146672022190172bcb121f980bd7a64f251ea643f4b19d0f071?s=96&d=mm&r=g","height":96,"width":96}},"publisher":{"@type":"Organization","name":"mirelina.cz","logo":{"@type":"ImageObject","@id":"\/logo.png","url":"\/logo.png","width":600,"height":60}},"image":null,"wordCount":214,"keywords":null}]},{"@context":"https:\/\/schema.org","@type":"WebSite","@id":"https:\/\/www.mirelina.cz\/#website","name":"Mirelina","url":"https:\/\/www.mirelina.cz","potentialAction":{"@type":"SearchAction","target":"https:\/\/www.mirelina.cz\/?s={search_term_string}","query-input":"required name=search_term_string"}}]